{"id":48746,"date":"2019-07-26T10:39:14","date_gmt":"2019-07-26T14:39:14","guid":{"rendered":"https:\/\/linitiative.ca\/International\/stg-telecom-etoffe-son-catalogue\/"},"modified":"2019-07-26T10:39:14","modified_gmt":"2019-07-26T14:39:14","slug":"stg-telecom-etoffe-son-catalogue","status":"publish","type":"post","link":"https:\/\/linitiative.ca\/International\/stg-telecom-etoffe-son-catalogue\/","title":{"rendered":"STG Telecom \u00e9toffe son catalogue"},"content":{"rendered":"<p><strong>Apr\u00e8s un franc succ\u00e8s enregistr\u00e9 suite \u00e0 une ann\u00e9e seulement d\u2019activit\u00e9, STG Telecom a su imposer sa marque dans le secteur de la t\u00e9l\u00e9phonie au Maroc gr\u00e2ce aux propri\u00e9t\u00e9s exceptionnelles de ses Smartphones et \u00e0 son rapport qualit\u00e9\/prix.<\/strong><\/p>\n<div class=\"c10\"\/>\n<p>Pour s\u2019imposer au Maroc, le fabricant a export\u00e9 l\u2019expertise am\u00e9ricaine d\u2019exception, \u00e0 savoir le \u00ab Designed in California \u00bb. Au bout d\u2019un an de pr\u00e9sence au royaume, STG Telecom continue sa marche vers l\u2019excellence en lan\u00e7ant son tout dernier Smartphone, le <strong>STG A2 Pro<\/strong>, l\u2019ultime bijou de la gamme \u00ab A \u00bb (qui regroupe le A1 et le A1 Pro), qui conjugue sp\u00e9cificit\u00e9s tr\u00e8s avanc\u00e9es aux propri\u00e9t\u00e9s nouvelles et intrins\u00e8ques \u00e0 la marque.<\/p>\n<p><iframe loading=\"lazy\" src=\"https:\/\/www.facebook.com\/plugins\/post.php?href=https%3A%2F%2Fwww.facebook.com%2FSTGTelecomOfficiel%2Fposts%2F2041346509303682&#038;width=500\" width=\"500\" height=\"659\">[embedded content]<\/iframe><\/p>\n<p>C\u2019est le cas du syst\u00e8me d\u2019exploitation Hercules OS1.0, bas\u00e9 sur <strong>Android<\/strong> Pie 9 et exclusivement d\u00e9velopp\u00e9 par les ing\u00e9nieurs marocains de STG. Il permet l\u2019am\u00e9lioration des performances de la batterie gr\u00e2ce \u00e0 l\u2019introduction d\u2019un syst\u00e8me de gestion des applications ex\u00e9cut\u00e9es en arri\u00e8re-plan avec une meilleure interface c\u00f4t\u00e9 design, ou encore la technologie software de sa cam\u00e9ra r\u00e9volutionnaire \u00e9quip\u00e9e par Sony IMX, qui permet de capturer 65 MP de qualit\u00e9 d\u2019image en intelligence artificielle et zoomer 26 fois, sans oublier ses capacit\u00e9s de stockage qui peuvent atteindre jusqu\u2019\u00e0 320 Go, ainsi que sa batterie haute performance de 4.050 mAh qui garantit jusqu\u2019\u00e0 2 jours d\u2019utilisation.<\/p>\n<p><img decoding=\"async\" src=\"https:\/\/www.challenge.ma\/wp-content\/uploads\/2019\/07\/A2Pro_CLW002-1024x1024.png\" alt=\"\" class=\"wp-image-113919\" srcset=\"https:\/\/www.challenge.ma\/wp-content\/uploads\/2019\/07\/A2Pro_CLW002-1024x1024.png 1024w, https:\/\/www.challenge.ma\/wp-content\/uploads\/2019\/07\/A2Pro_CLW002-150x150.png 150w, https:\/\/www.challenge.ma\/wp-content\/uploads\/2019\/07\/A2Pro_CLW002-300x300.png 300w, https:\/\/www.challenge.ma\/wp-content\/uploads\/2019\/07\/A2Pro_CLW002-768x768.png 768w, https:\/\/www.challenge.ma\/wp-content\/uploads\/2019\/07\/A2Pro_CLW002-360x360.png 360w, https:\/\/www.challenge.ma\/wp-content\/uploads\/2019\/07\/A2Pro_CLW002-750x750.png 750w, https:\/\/www.challenge.ma\/wp-content\/uploads\/2019\/07\/A2Pro_CLW002-60x60.png 60w, https:\/\/www.challenge.ma\/wp-content\/uploads\/2019\/07\/A2Pro_CLW002-200x200.png 200w\" sizes=\"(max-width: 1024px) 100vw, 1024px\"\/> La cam\u00e9ra r\u00e9volutionnaire \u00e9quip\u00e9e par Sony IMX permet de capturer 65 MP de qualit\u00e9 d\u2019image en intelligence artificielle et zoomer 26 fois.<\/p>\n<p>Fid\u00e8le \u00e0 sa tradition, <strong>STG Telecom<\/strong> accompagne le lancement du A2 Pro par une offre sp\u00e9ciale donnant acc\u00e8s \u00e0 des garanties multiples, notamment une garantie bris d\u2019\u00e9cran de 6 mois et une autre d\u2019une ann\u00e9e sur le Smartphone dans sa globalit\u00e9, en plus d\u2019une carte microSD de 64 Go offerte.<\/p>\n<p>Prix\u00a0: 1 990 DH \u00a0<\/p>\n<div class=\"c17\">\n<fieldset class=\"c16\">\n<legend><strong><span class=\"c11\">Challenge<\/span><span class=\"c12\">news<\/span><\/strong><\/legend>\n<div class=\"c15\">Le meilleur de la r\u00e9daction s\u00e9lectionn\u00e9 par Challenge :<\/p>\n<\/div>\n<\/fieldset>\n<\/div>\n<p>Auteur: Karim Handaoui<br \/>\n<a href=\"https:\/\/www.challenge.ma\/stg-telecom-etoffe-son-catalogue-113913\/\">Cliquez ici pour lire l&rsquo;article depuis sa source.<\/a><\/p>\n","protected":false},"excerpt":{"rendered":"<p>Apr\u00e8s un franc succ\u00e8s enregistr\u00e9 suite \u00e0 une ann\u00e9e seulement d\u2019activit\u00e9, STG Telecom a su imposer sa marque dans le secteur de la t\u00e9l\u00e9phonie au Maroc gr\u00e2ce aux propri\u00e9t\u00e9s exceptionnelles de ses Smartphones et \u00e0 son rapport qualit\u00e9\/prix. Pour s\u2019imposer au Maroc, le fabricant a export\u00e9 l\u2019expertise am\u00e9ricaine d\u2019exception, \u00e0 savoir le \u00ab Designed in [&hellip;]<\/p>\n","protected":false},"author":1787,"featured_media":48747,"comment_status":"closed","ping_status":"closed","sticky":false,"template":"","format":"standard","meta":{"fifu_image_url":"","fifu_image_alt":"","footnotes":""},"categories":[78,54],"tags":[],"class_list":["post-48746","post","type-post","status-publish","format-standard","has-post-thumbnail","hentry","category-economie","category-maroc"],"_links":{"self":[{"href":"https:\/\/linitiative.ca\/International\/wp-json\/wp\/v2\/posts\/48746","targetHints":{"allow":["GET"]}}],"collection":[{"href":"https:\/\/linitiative.ca\/International\/wp-json\/wp\/v2\/posts"}],"about":[{"href":"https:\/\/linitiative.ca\/International\/wp-json\/wp\/v2\/types\/post"}],"author":[{"embeddable":true,"href":"https:\/\/linitiative.ca\/International\/wp-json\/wp\/v2\/users\/1787"}],"replies":[{"embeddable":true,"href":"https:\/\/linitiative.ca\/International\/wp-json\/wp\/v2\/comments?post=48746"}],"version-history":[{"count":0,"href":"https:\/\/linitiative.ca\/International\/wp-json\/wp\/v2\/posts\/48746\/revisions"}],"wp:featuredmedia":[{"embeddable":true,"href":"https:\/\/linitiative.ca\/International\/wp-json\/"}],"wp:attachment":[{"href":"https:\/\/linitiative.ca\/International\/wp-json\/wp\/v2\/media?parent=48746"}],"wp:term":[{"taxonomy":"category","embeddable":true,"href":"https:\/\/linitiative.ca\/International\/wp-json\/wp\/v2\/categories?post=48746"},{"taxonomy":"post_tag","embeddable":true,"href":"https:\/\/linitiative.ca\/International\/wp-json\/wp\/v2\/tags?post=48746"}],"curies":[{"name":"wp","href":"https:\/\/api.w.org\/{rel}","templated":true}]}}