{"id":48748,"date":"2019-07-26T12:31:43","date_gmt":"2019-07-26T16:31:43","guid":{"rendered":"https:\/\/linitiative.ca\/International\/la-morosite-de-la-conjoncture-economique-vient-principalement-de-la-defaillance-de-notre-modele-economique\/"},"modified":"2019-07-26T12:31:43","modified_gmt":"2019-07-26T16:31:43","slug":"la-morosite-de-la-conjoncture-economique-vient-principalement-de-la-defaillance-de-notre-modele-economique","status":"publish","type":"post","link":"https:\/\/linitiative.ca\/International\/la-morosite-de-la-conjoncture-economique-vient-principalement-de-la-defaillance-de-notre-modele-economique\/","title":{"rendered":"\u00ab La morosit\u00e9 de la conjoncture \u00e9conomique vient principalement de la d\u00e9faillance de notre mod\u00e8le \u00e9conomique \u00bb"},"content":{"rendered":"<div class=\"c10\"\/>\n<p><strong>Depuis le d\u00e9but de l\u2019ann\u00e9e, nombre de secteurs n\u2019ont vu leur situation s\u2019am\u00e9liorer par rapport \u00e0 2018. En cause, la morosit\u00e9 de la conjoncture \u00e9conomique qui se poursuit.<\/strong><\/p>\n<p>C\u2019est ce que confirme la derni\u00e8re \u00e9tude de la <strong>Direction des \u00e9tudes et des pr\u00e9visions financi\u00e8res<\/strong> (DEPF) relevant du minist\u00e8re de L\u2019\u00c9conomie et des Finances. Portant sur les six premiers mois de 2019, les auteurs remarquent, en effet, une \u00e9volution assez contrast\u00e9e de la conjoncture \u00e9conomique nationale. Ils font remarquer qu\u2019\u00e0 l\u2019exception des secteurs du textile et cuir et du <strong>secteur agricole<\/strong>, les autres secteurs \u00e9conomiques affichent une progression globalement favorable. L\u2019\u00e9conomiste, El Mehdi Fakir, abonde \u00e9galement dans le m\u00eame sens et constate un ralentissement notable de la machine \u00e9conomique. Il pointe notamment plusieurs facteurs qui expliquent cette situation.<\/p>\n<p>\u00ab\u00a0Sur le plan macro\u00e9conomique, il y a une baisse de la croissance \u00e9conomique, un <strong>d\u00e9ficit budg\u00e9taire<\/strong> prononc\u00e9\u2026Sur le plan micro\u00e9conomique, la situation se d\u00e9grade. Les d\u00e9lais de paiement s\u2019allongent et emp\u00eachent les entreprises d\u2019agir. Le co\u00fbt du risque pour les banques est en progression parce que nous sommes devant une v\u00e9ritable probl\u00e9matique de <strong>cr\u00e9ances en souffrance<\/strong>. Il y aussi l\u2019augmentation des taux de d\u00e9faillances d\u2019entreprises et la sinistralit\u00e9 que connaissent certains secteurs dans certaines r\u00e9gions. Tous ces facteurs illustrent bien les difficult\u00e9s que conna\u00eet notre \u00e9conomie\u00a0\u00bb, confie-t-il.<\/p>\n<p>Toutefois, El Mehdi Fakir souligne que cette morosit\u00e9 de la conjoncture ne peut \u00eatre r\u00e9duite uniquement \u00e0 une \u00a0probl\u00e9matique de sinistralit\u00e9 ou de financement. \u00ab\u00a0Ces difficult\u00e9s viennent principalement de la <strong>d\u00e9faillance d\u2019un mod\u00e8le \u00e9conomique<\/strong> que nous devons r\u00e9former le plut\u00f4t possible. Il ne faut pas oublier que nous attendons des signaux forts de la part de l\u2019Etat, certes, mais aussi de la part des op\u00e9rateurs \u00e9conomiques parce que cet attentisme que nous observons est vraiment contre-productif dans tous les sens du terme\u00a0\u00bb, estime l\u2019\u00e9conomiste.<\/p>\n<p>Dans les d\u00e9tails, soulignons que le rapport pointe aussi du doigt la forte baisse de la production c\u00e9r\u00e9ali\u00e8re et la baisse des exportations des agrumes comme \u00e9tant les principales caract\u00e9ristiques n\u00e9gatives. On y apprend \u00e9galement que la relative stagnation du pouvoir d\u2019achat reste toutefois all\u00e9g\u00e9e par la <strong>croissance des cr\u00e9dits<\/strong> \u00e0 la consommation (+ 4,8%). La DEPF fait de m\u00eame remarquer qu\u2019au niveau des \u00e9changes ext\u00e9rieurs, l\u2019aggravation du d\u00e9ficit commercial se poursuit et ce, nonobstant l\u2019am\u00e9lioration du taux de couverture de 0,2 point. Pour leur part, les recettes de voyages et les <strong>transferts des MRE<\/strong> couvrent les 2\/3 du d\u00e9ficit commercial et le stock de R\u00e9serves Internationales Nettes permet de couvrir 5 mois d\u2019importations.<\/p>\n<p>En ce qui concerne les Finances Publiques, force est de signaler que le d\u00e9ficit budg\u00e9taire a d\u00e9pass\u00e9 20 milliards de DH avec, toutefois, un impact positif des recettes ordinaires, en particulier les recettes fiscales, dont le rythme de croissance d\u00e9passe celui des d\u00e9penses globales de l\u2019Etat. L\u2019enqu\u00eate r\u00e9v\u00e8le \u00e9galement que \u00a0le financement de l\u2019\u00e9conomie est essentiellement bas\u00e9 sur les cr\u00e9dits bancaires, \u00e0 court terme.<\/p>\n<p><img decoding=\"async\" src=\"https:\/\/www.challenge.ma\/wp-content\/uploads\/2019\/07\/El-Mehdi-Fakir.png\" alt=\"\" class=\"wp-image-113961\" srcset=\"https:\/\/www.challenge.ma\/wp-content\/uploads\/2019\/07\/El-Mehdi-Fakir.png 750w, https:\/\/www.challenge.ma\/wp-content\/uploads\/2019\/07\/El-Mehdi-Fakir-300x169.png 300w, https:\/\/www.challenge.ma\/wp-content\/uploads\/2019\/07\/El-Mehdi-Fakir-360x203.png 360w\" sizes=\"(max-width: 750px) 100vw, 750px\"\/>El Mehdi Fakir, \u00c9conomiste, Expert-comptable et consultant en Strat\u00e9gie et Risk Management.<\/p>\n<p>\u00ab\u00a0Globalement, l\u2019\u00e9conomie nationale demeure fortement influenc\u00e9e par les al\u00e9as climatiques et les facteurs exog\u00e8nes, notamment les tensions commerciales sino-am\u00e9ricaines, la demande de l\u2019Union Europ\u00e9enne, et l\u2019\u00e9volution des cours du p\u00e9trole\u00a0\u00bb, notent les auteurs du rapport. Pour El Mehdi Fakir, il y a vraiment <strong>urgence<\/strong>. \u00ab\u00a0Au del\u00e0 du conjoncturel, il y a aussi beaucoup de facteurs structurels qui p\u00e9nalisent notre performance \u00e9conomique. D\u2019o\u00f9 l\u2019urgence d\u2019entreprendre des r\u00e9formes structurelles afin d\u2019envoyer des signaux forts. L\u2019Etat doit redonner confiance aux op\u00e9rateurs priv\u00e9s pour investir. Ainsi, ces derniers pourront alimenter la machine \u00e9conomique\u00a0\u00bb, conclut-il.<\/p>\n<div class=\"c17\">\n<fieldset class=\"c16\">\n<legend><strong><span class=\"c11\">Challenge<\/span><span class=\"c12\">news<\/span><\/strong><\/legend>\n<div class=\"c15\">Le meilleur de la r\u00e9daction s\u00e9lectionn\u00e9 par Challenge :<\/p>\n<\/div>\n<\/fieldset>\n<\/div>\n<p>Auteur: Roland Amoussou<br \/>\n<a href=\"https:\/\/www.challenge.ma\/la-morosite-de-la-conjoncture-economique-vient-principalement-de-la-defaillance-de-notre-modele-economique-113954\/\">Cliquez ici pour lire l&rsquo;article depuis sa source.<\/a><\/p>\n","protected":false},"excerpt":{"rendered":"<p>Depuis le d\u00e9but de l\u2019ann\u00e9e, nombre de secteurs n\u2019ont vu leur situation s\u2019am\u00e9liorer par rapport \u00e0 2018. En cause, la morosit\u00e9 de la conjoncture \u00e9conomique qui se poursuit. C\u2019est ce que confirme la derni\u00e8re \u00e9tude de la Direction des \u00e9tudes et des pr\u00e9visions financi\u00e8res (DEPF) relevant du minist\u00e8re de L\u2019\u00c9conomie et des Finances. Portant sur [&hellip;]<\/p>\n","protected":false},"author":1787,"featured_media":48749,"comment_status":"closed","ping_status":"closed","sticky":false,"template":"","format":"standard","meta":{"fifu_image_url":"","fifu_image_alt":"","footnotes":""},"categories":[78,54],"tags":[],"class_list":["post-48748","post","type-post","status-publish","format-standard","has-post-thumbnail","hentry","category-economie","category-maroc"],"_links":{"self":[{"href":"https:\/\/linitiative.ca\/International\/wp-json\/wp\/v2\/posts\/48748","targetHints":{"allow":["GET"]}}],"collection":[{"href":"https:\/\/linitiative.ca\/International\/wp-json\/wp\/v2\/posts"}],"about":[{"href":"https:\/\/linitiative.ca\/International\/wp-json\/wp\/v2\/types\/post"}],"author":[{"embeddable":true,"href":"https:\/\/linitiative.ca\/International\/wp-json\/wp\/v2\/users\/1787"}],"replies":[{"embeddable":true,"href":"https:\/\/linitiative.ca\/International\/wp-json\/wp\/v2\/comments?post=48748"}],"version-history":[{"count":0,"href":"https:\/\/linitiative.ca\/International\/wp-json\/wp\/v2\/posts\/48748\/revisions"}],"wp:featuredmedia":[{"embeddable":true,"href":"https:\/\/linitiative.ca\/International\/wp-json\/"}],"wp:attachment":[{"href":"https:\/\/linitiative.ca\/International\/wp-json\/wp\/v2\/media?parent=48748"}],"wp:term":[{"taxonomy":"category","embeddable":true,"href":"https:\/\/linitiative.ca\/International\/wp-json\/wp\/v2\/categories?post=48748"},{"taxonomy":"post_tag","embeddable":true,"href":"https:\/\/linitiative.ca\/International\/wp-json\/wp\/v2\/tags?post=48748"}],"curies":[{"name":"wp","href":"https:\/\/api.w.org\/{rel}","templated":true}]}}