{"id":48752,"date":"2019-07-26T14:54:23","date_gmt":"2019-07-26T18:54:23","guid":{"rendered":"https:\/\/linitiative.ca\/International\/la-frmf-sactive-apres-le-depart-de-renard\/"},"modified":"2019-07-26T14:54:23","modified_gmt":"2019-07-26T18:54:23","slug":"la-frmf-sactive-apres-le-depart-de-renard","status":"publish","type":"post","link":"https:\/\/linitiative.ca\/International\/la-frmf-sactive-apres-le-depart-de-renard\/","title":{"rendered":"La FRMF s\u2019active apr\u00e8s le d\u00e9part de Renard"},"content":{"rendered":"<p><strong>\u00a0La F\u00e9d\u00e9ration royale marocaine de football (FRMF) a constitu\u00e9 deux commissions charg\u00e9es de la d\u00e9signation du nouveau s\u00e9lectionneur de l\u2019\u00c9quipe nationale et du nouveau directeur technique national.<\/strong><\/p>\n<div class=\"c10\"\/>\n<p>En poste depuis 2016, Herv\u00e9 Renard a annonc\u00e9 la fin de son aventure avec les Lions de l\u2019Atlas, dimanche 21 juillet, raison pour que la FRMF commence \u00e0 enqu\u00eater pour recruter un nouveau s\u00e9lectionneur de l\u2019\u00e9quipe nationale \u00ab\u00a0A\u00a0\u00bb.<\/p>\n<p>Les d\u00e9cisions de ces deux commissions, constitu\u00e9es lors d\u2019une r\u00e9union du bureau dirigeant de la FRMF, tenue jeudi \u00e0 Rabat, seront communiqu\u00e9es au mois d\u2019ao\u00fbt, indique un communiqu\u00e9 de la F\u00e9d\u00e9ration.<br \/>En ce qui concerne les assembl\u00e9es g\u00e9n\u00e9rales, le bureau dirigeant a fix\u00e9 la date du 15 septembre pour la tenue de l\u2019assembl\u00e9e g\u00e9n\u00e9rale \u00e9lective de la Ligue nationale du football Amateur, fait savoir le communiqu\u00e9, ajoutant que l\u2019assembl\u00e9e g\u00e9n\u00e9rale de la Ligue nationale du football professionnel et de l\u2019assembl\u00e9e g\u00e9n\u00e9rale ordinaire seront organis\u00e9es le 16 septembre.<\/p>\n<p>La m\u00eame source note qu\u2019une journ\u00e9e d\u2019\u00e9tude sera organis\u00e9e le 3 ao\u00fbt au profit des pr\u00e9sidents de clubs, des entra\u00eeneurs et des arbitres.<\/p>\n<p>Par ailleurs, la r\u00e9union a \u00e9galement permis de fixer la date du 20 ao\u00fbt comme dernier d\u00e9lai pour obtenir les licences d\u2019associations sportives d\u00e9livr\u00e9es par le minist\u00e8re de la Jeunesse et des Sports au profit des clubs de premi\u00e8re division et ce, afin de se constituer en soci\u00e9t\u00e9 avant le d\u00e9but de la saison. D\u2019autre part, le bureau dirigeant a approuv\u00e9 la proposition de relever l\u2019\u00e2ge des jeunes des clubs de premi\u00e8re division qui \u00e9voluent en championnat national amateur de 21 \u00e0 23 ans.<\/p>\n<p>Rappelons qu\u2019avec la s\u00e9lection marocaine, Herv\u00e9 Renard a fini son parcours avec 14 victoires, 7 nuls et 6 d\u00e9faites. Arriv\u00e9 au Maroc, il a succ\u00e9d\u00e9 \u00e0 Badou Zaki et avait comme missions: une qualification pour la Coupe d\u2019Afrique 2017,\u00a0et une autre pour la Coupe du monde 2018. Gr\u00e2ce \u00e0 lui, l\u2019\u00e9quipe nationale est aujourd\u2019hui 47e du classement FIFA, alors qu\u2019\u00e0 son arriv\u00e9e les Lions de l\u2019Atlas \u00e9taient 81e.<\/p>\n<div class=\"c17\">\n<fieldset class=\"c16\">\n<legend><strong><span class=\"c11\">Challenge<\/span><span class=\"c12\">news<\/span><\/strong><\/legend>\n<div class=\"c15\">Le meilleur de la r\u00e9daction s\u00e9lectionn\u00e9 par Challenge :<\/p>\n<\/div>\n<\/fieldset>\n<\/div>\n<p>Auteur: Hajar DARI<br \/>\n<a href=\"https:\/\/www.challenge.ma\/la-frmf-sactive-apres-le-depart-de-renard-113947\/\">Cliquez ici pour lire l&rsquo;article depuis sa source.<\/a><\/p>\n","protected":false},"excerpt":{"rendered":"<p>\u00a0La F\u00e9d\u00e9ration royale marocaine de football (FRMF) a constitu\u00e9 deux commissions charg\u00e9es de la d\u00e9signation du nouveau s\u00e9lectionneur de l\u2019\u00c9quipe nationale et du nouveau directeur technique national. En poste depuis 2016, Herv\u00e9 Renard a annonc\u00e9 la fin de son aventure avec les Lions de l\u2019Atlas, dimanche 21 juillet, raison pour que la FRMF commence \u00e0 [&hellip;]<\/p>\n","protected":false},"author":1787,"featured_media":0,"comment_status":"closed","ping_status":"closed","sticky":false,"template":"","format":"standard","meta":{"fifu_image_url":"","fifu_image_alt":"","footnotes":""},"categories":[78,54],"tags":[],"class_list":["post-48752","post","type-post","status-publish","format-standard","hentry","category-economie","category-maroc"],"_links":{"self":[{"href":"https:\/\/linitiative.ca\/International\/wp-json\/wp\/v2\/posts\/48752","targetHints":{"allow":["GET"]}}],"collection":[{"href":"https:\/\/linitiative.ca\/International\/wp-json\/wp\/v2\/posts"}],"about":[{"href":"https:\/\/linitiative.ca\/International\/wp-json\/wp\/v2\/types\/post"}],"author":[{"embeddable":true,"href":"https:\/\/linitiative.ca\/International\/wp-json\/wp\/v2\/users\/1787"}],"replies":[{"embeddable":true,"href":"https:\/\/linitiative.ca\/International\/wp-json\/wp\/v2\/comments?post=48752"}],"version-history":[{"count":0,"href":"https:\/\/linitiative.ca\/International\/wp-json\/wp\/v2\/posts\/48752\/revisions"}],"wp:attachment":[{"href":"https:\/\/linitiative.ca\/International\/wp-json\/wp\/v2\/media?parent=48752"}],"wp:term":[{"taxonomy":"category","embeddable":true,"href":"https:\/\/linitiative.ca\/International\/wp-json\/wp\/v2\/categories?post=48752"},{"taxonomy":"post_tag","embeddable":true,"href":"https:\/\/linitiative.ca\/International\/wp-json\/wp\/v2\/tags?post=48752"}],"curies":[{"name":"wp","href":"https:\/\/api.w.org\/{rel}","templated":true}]}}