{"id":48753,"date":"2019-07-26T15:28:34","date_gmt":"2019-07-26T19:28:34","guid":{"rendered":"https:\/\/linitiative.ca\/International\/fondation-mo-ibrahim-les-3-laureates-de-la-bourse-2019\/"},"modified":"2019-07-26T15:28:34","modified_gmt":"2019-07-26T19:28:34","slug":"fondation-mo-ibrahim-les-3-laureates-de-la-bourse-2019","status":"publish","type":"post","link":"https:\/\/linitiative.ca\/International\/fondation-mo-ibrahim-les-3-laureates-de-la-bourse-2019\/","title":{"rendered":"Fondation Mo Ibrahim : les 3 laur\u00e9ates de la bourse 2019"},"content":{"rendered":"<p><strong>La Fondation cr\u00e9\u00e9e en 2006 et qui axe ses activit\u00e9s sur le r\u00f4le essentiel du leadership politique et de la gouvernance publique en Afrique vient de d\u00e9voiler l\u2019identit\u00e9 des b\u00e9n\u00e9ficiaires des bourses professionnelles de leadership Ibrahim 2019.<\/strong><\/p>\n<div class=\"c10\"\/>\n<p>Comme chaque ann\u00e9e, la Fondation Mo Ibrahim annonce les b\u00e9n\u00e9ficiaires des bourses professionnelles de leadership Ibrahim. Cette ann\u00e9e, les s\u00e9lectionn\u00e9s pour constituer la huiti\u00e8me cohorte du programme sont Nadia Hamel (Alg\u00e9rie) qui a rejoint la Banque africaine de d\u00e9veloppement (BAD), Anta Taal (Gambie) qui travaille pour le Centre du commerce international (CCI) et Emmanuella Matare (Zimbabwe) qui a int\u00e9gr\u00e9 la Commission \u00e9conomique des Nations unies pour l\u2019Afrique (CEA).<\/p>\n<p><iframe loading=\"lazy\" src=\"https:\/\/www.facebook.com\/plugins\/post.php?href=https%3A%2F%2Fwww.facebook.com%2FMoIbrahimFoundation%2Fposts%2F10156637400816478&#038;width=500\" width=\"500\" height=\"614\">[embedded content]<\/iframe><\/p>\n<p>Les trois laur\u00e9ates b\u00e9n\u00e9ficieront ainsi des <strong>bourses de leadership Ibrahim<\/strong> sous format d\u2019un programme s\u00e9lectif con\u00e7u pour identifier et pr\u00e9parer la prochaine g\u00e9n\u00e9ration de leaders africains exceptionnels en leur proposant un tutorat au sein de grandes institutions multilat\u00e9rales. Les trois candidates, choisies parmi plus de 2.000 postulants, auront ainsi acc\u00e8s au tutorat direct des dirigeants actuels de la Banque africaine de d\u00e9veloppement \u00e0 Abidjan, de la Commission \u00e9conomique pour l\u2019Afrique des Nations unies \u00e0 Addis-Abeba et du Centre de commerce international \u00e0 Gen\u00e8ve, en plus d\u2019une allocation annuelle de 100.000 dollars.<\/p>\n<p>Aussit\u00f4t les laur\u00e9ates annonc\u00e9es, la <strong>Fondation Mo Ibrahim<\/strong> pr\u00e9cise que les candidatures au Programme de bourses professionnelles de leadership Ibrahim 2020 seront ouvertes \u00e0 partir du 12 ao\u00fbt 2019. Les candidats doivent \u00eatre africains, justifier d\u2019une exp\u00e9rience professionnelle de 7-10 ans, \u00eatre \u00e2g\u00e9s de moins de 40 ans (moins de 45 ans pour les femmes avec enfants) et \u00eatre titulaires d\u2019une ma\u00eetrise.<\/p>\n<div class=\"c17\">\n<fieldset class=\"c16\">\n<legend><strong><span class=\"c11\">Challenge<\/span><span class=\"c12\">news<\/span><\/strong><\/legend>\n<div class=\"c15\">Le meilleur de la r\u00e9daction s\u00e9lectionn\u00e9 par Challenge :<\/p>\n<\/div>\n<\/fieldset>\n<\/div>\n<p>Auteur: Karim Handaoui<br \/>\n<a href=\"https:\/\/www.challenge.ma\/fondation-mo-ibrahim-les-3-laureates-de-la-bourse-2019-113943\/\">Cliquez ici pour lire l&rsquo;article depuis sa source.<\/a><\/p>\n","protected":false},"excerpt":{"rendered":"<p>La Fondation cr\u00e9\u00e9e en 2006 et qui axe ses activit\u00e9s sur le r\u00f4le essentiel du leadership politique et de la gouvernance publique en Afrique vient de d\u00e9voiler l\u2019identit\u00e9 des b\u00e9n\u00e9ficiaires des bourses professionnelles de leadership Ibrahim 2019. Comme chaque ann\u00e9e, la Fondation Mo Ibrahim annonce les b\u00e9n\u00e9ficiaires des bourses professionnelles de leadership Ibrahim. Cette ann\u00e9e, [&hellip;]<\/p>\n","protected":false},"author":1787,"featured_media":0,"comment_status":"closed","ping_status":"closed","sticky":false,"template":"","format":"standard","meta":{"fifu_image_url":"","fifu_image_alt":"","footnotes":""},"categories":[78,54],"tags":[],"class_list":["post-48753","post","type-post","status-publish","format-standard","hentry","category-economie","category-maroc"],"_links":{"self":[{"href":"https:\/\/linitiative.ca\/International\/wp-json\/wp\/v2\/posts\/48753","targetHints":{"allow":["GET"]}}],"collection":[{"href":"https:\/\/linitiative.ca\/International\/wp-json\/wp\/v2\/posts"}],"about":[{"href":"https:\/\/linitiative.ca\/International\/wp-json\/wp\/v2\/types\/post"}],"author":[{"embeddable":true,"href":"https:\/\/linitiative.ca\/International\/wp-json\/wp\/v2\/users\/1787"}],"replies":[{"embeddable":true,"href":"https:\/\/linitiative.ca\/International\/wp-json\/wp\/v2\/comments?post=48753"}],"version-history":[{"count":0,"href":"https:\/\/linitiative.ca\/International\/wp-json\/wp\/v2\/posts\/48753\/revisions"}],"wp:attachment":[{"href":"https:\/\/linitiative.ca\/International\/wp-json\/wp\/v2\/media?parent=48753"}],"wp:term":[{"taxonomy":"category","embeddable":true,"href":"https:\/\/linitiative.ca\/International\/wp-json\/wp\/v2\/categories?post=48753"},{"taxonomy":"post_tag","embeddable":true,"href":"https:\/\/linitiative.ca\/International\/wp-json\/wp\/v2\/tags?post=48753"}],"curies":[{"name":"wp","href":"https:\/\/api.w.org\/{rel}","templated":true}]}}