{"id":48756,"date":"2019-07-26T12:14:22","date_gmt":"2019-07-26T16:14:22","guid":{"rendered":"https:\/\/linitiative.ca\/International\/tunisie-appel-du-ministere-de-linterieur\/"},"modified":"2019-07-26T12:14:22","modified_gmt":"2019-07-26T16:14:22","slug":"tunisie-appel-du-ministere-de-linterieur","status":"publish","type":"post","link":"https:\/\/linitiative.ca\/International\/tunisie-appel-du-ministere-de-linterieur\/","title":{"rendered":"Tunisie \u2013 Appel du minist\u00e8re de l\u2019Int\u00e9rieur"},"content":{"rendered":"<div class=\"post-cont-in left relative\">\n<div class=\"swp_social_panel swp_horizontal_panel swp_flat_fresh swp_default_full_color swp_individual_full_color swp_other_full_color scale-100 scale-\" data-min-width=\"1100\" data-float-color=\"#ffffff\" data-float=\"none\" data-float-mobile=\"none\" data-transition=\"slide\">\n<div class=\"nc_tweetContainer swp_share_button total_shares total_sharesalt\"><span class=\"swp_count\">107 <span class=\"swp_label\">Partages<\/span><\/span><\/div>\n<\/div>\n<p>Le minist\u00e8re de l\u2019iInt\u00e9rieur a appel\u00e9 les citoyens, ce vendredi, \u00e0 travers un communiqu\u00e9, \u00e0 faire preuve de patience et de compr\u00e9hension\u00a0face aux mesures exceptionnelles qui seront prises demain, samedi, \u00e0 l\u2019occasion des fun\u00e9railles du pr\u00e9sident d\u00e9funt, B\u00e9ji Ca\u00efd Essebsi.<\/p>\n<p>Le minist\u00e8re a profit\u00e9 de l\u2019occasion, pour assurer aux citoyens qu\u2019il d\u00e9ploie tous les moyens humains et mat\u00e9riels, pour s\u00e9curiser l\u2019\u00e9v\u00e8nement et les moindres coins du pays,\u00a0afin de\u00a0permettre aux tunisiens de faire leur deuil en toute qui\u00e9tude.<\/p>\n<div class=\"code-block code-block-1 c5\"><ins class=\"adsbygoogle c4\" data-ad-layout=\"in-article\" data-ad-format=\"fluid\" data-ad-client=\"ca-pub-2102118777505746\" data-ad-slot=\"7301775417\"\/> <\/div>\n<div class=\"mvp-org-wrap mvp-org-logo\" itemprop=\"publisher\" itemscope=\"\" itemtype=\"https:\/\/schema.org\/Organization\"><img decoding=\"async\" src=\"https:\/\/www.tunisienumerique.com\/wp-content\/uploads\/2017\/02\/logo_tunisie_numerique.png\"\/><\/div>\n<div class=\"swp_social_panel swp_horizontal_panel swp_flat_fresh swp_default_full_color swp_individual_full_color swp_other_full_color scale-100 scale-\" data-min-width=\"1100\" data-float-color=\"#ffffff\" data-float=\"none\" data-float-mobile=\"none\" data-transition=\"slide\">\n<div class=\"nc_tweetContainer swp_share_button total_shares total_sharesalt\"><span class=\"swp_count\">107 <span class=\"swp_label\">Partages<\/span><\/span><\/div>\n<\/div>\n<div class=\"mvp-related-posts left relative\">\n<h4 class=\"post-header\"><span class=\"post-header\">Lire aussi<\/span><\/h4>\n<\/div>\n<\/div>\n<p>Auteur: LM<br \/>\n<a href=\"https:\/\/www.tunisienumerique.com\/tunisie-appel-du-ministere-de-linterieur\/\">Cliquez ici pour lire l&rsquo;article depuis sa source.<\/a><\/p>\n","protected":false},"excerpt":{"rendered":"<p>107 Partages Le minist\u00e8re de l\u2019iInt\u00e9rieur a appel\u00e9 les citoyens, ce vendredi, \u00e0 travers un communiqu\u00e9, \u00e0 faire preuve de patience et de compr\u00e9hension\u00a0face aux mesures exceptionnelles qui seront prises demain, samedi, \u00e0 l\u2019occasion des fun\u00e9railles du pr\u00e9sident d\u00e9funt, B\u00e9ji Ca\u00efd Essebsi. Le minist\u00e8re a profit\u00e9 de l\u2019occasion, pour assurer aux citoyens qu\u2019il d\u00e9ploie tous [&hellip;]<\/p>\n","protected":false},"author":1789,"featured_media":48757,"comment_status":"closed","ping_status":"closed","sticky":false,"template":"","format":"standard","meta":{"fifu_image_url":"","fifu_image_alt":"","footnotes":""},"categories":[73,55],"tags":[],"class_list":["post-48756","post","type-post","status-publish","format-standard","has-post-thumbnail","hentry","category-actualite","category-tunisie"],"_links":{"self":[{"href":"https:\/\/linitiative.ca\/International\/wp-json\/wp\/v2\/posts\/48756","targetHints":{"allow":["GET"]}}],"collection":[{"href":"https:\/\/linitiative.ca\/International\/wp-json\/wp\/v2\/posts"}],"about":[{"href":"https:\/\/linitiative.ca\/International\/wp-json\/wp\/v2\/types\/post"}],"author":[{"embeddable":true,"href":"https:\/\/linitiative.ca\/International\/wp-json\/wp\/v2\/users\/1789"}],"replies":[{"embeddable":true,"href":"https:\/\/linitiative.ca\/International\/wp-json\/wp\/v2\/comments?post=48756"}],"version-history":[{"count":0,"href":"https:\/\/linitiative.ca\/International\/wp-json\/wp\/v2\/posts\/48756\/revisions"}],"wp:featuredmedia":[{"embeddable":true,"href":"https:\/\/linitiative.ca\/International\/wp-json\/"}],"wp:attachment":[{"href":"https:\/\/linitiative.ca\/International\/wp-json\/wp\/v2\/media?parent=48756"}],"wp:term":[{"taxonomy":"category","embeddable":true,"href":"https:\/\/linitiative.ca\/International\/wp-json\/wp\/v2\/categories?post=48756"},{"taxonomy":"post_tag","embeddable":true,"href":"https:\/\/linitiative.ca\/International\/wp-json\/wp\/v2\/tags?post=48756"}],"curies":[{"name":"wp","href":"https:\/\/api.w.org\/{rel}","templated":true}]}}