{"id":48760,"date":"2019-07-26T13:12:38","date_gmt":"2019-07-26T17:12:38","guid":{"rendered":"https:\/\/linitiative.ca\/International\/tunisie-le-circuit-du-cortege-funebre-du-president-beji-caid-essebsi\/"},"modified":"2019-07-26T13:12:38","modified_gmt":"2019-07-26T17:12:38","slug":"tunisie-le-circuit-du-cortege-funebre-du-president-beji-caid-essebsi","status":"publish","type":"post","link":"https:\/\/linitiative.ca\/International\/tunisie-le-circuit-du-cortege-funebre-du-president-beji-caid-essebsi\/","title":{"rendered":"Tunisie \u2013 Le circuit du cort\u00e8ge fun\u00e8bre du pr\u00e9sident B\u00e9ji Ca\u00efd Essebsi"},"content":{"rendered":"<div class=\"post-cont-in left relative\">\n<div class=\"swp_social_panel swp_horizontal_panel swp_flat_fresh swp_default_full_color swp_individual_full_color swp_other_full_color scale-100 scale-\" data-min-width=\"1100\" data-float-color=\"#ffffff\" data-float=\"none\" data-float-mobile=\"none\" data-transition=\"slide\">\n<div class=\"nc_tweetContainer swp_share_button total_shares total_sharesalt\"><span class=\"swp_count\">50 <span class=\"swp_label\">Partages<\/span><\/span><\/div>\n<\/div>\n<p>Les responsables de communication du palais pr\u00e9sidentiel ont annonc\u00e9, ce vendredi, que le cort\u00e8ge fun\u00e8bre quittera le palais de Carthage\u00a0 samedi \u00e0 11 heures du matin. Il empruntera le croisement de la mosqu\u00e9e Malek Bin Anas, en direction de la route RN 10, puis de la RN 9,\u00a0en direction de Tunis.<\/p>\n<p>Le cort\u00e8ge entrera dans la Capitale par la Rue du Ghana, puis l\u2019Avenue Mohamed V, pour passer par la place du 14 janvier, devant le m\u00e9morial de Habib Bourguiba et longera l\u2019avenue Moncef Bey vers le cimeti\u00e8re El Jellaz.<\/p>\n<div class=\"code-block code-block-1 c5\"><ins class=\"adsbygoogle c4\" data-ad-layout=\"in-article\" data-ad-format=\"fluid\" data-ad-client=\"ca-pub-2102118777505746\" data-ad-slot=\"7301775417\"\/> <\/div>\n<p>Les services de\u00a0la pr\u00e9sidence appellent les citoyens \u00e0 la compr\u00e9hension, puisque ces axes et leurs environs seront ferm\u00e9s \u00e0 la circulation automobile.<\/p>\n<p><img loading=\"lazy\" decoding=\"async\" class=\"aligncenter size-full wp-image-450790\" src=\"https:\/\/www.tunisienumerique.com\/wp-content\/uploads\/2019\/07\/cortege-carte.jpg\" alt=\"\" width=\"663\" height=\"453\" srcset=\"https:\/\/www.tunisienumerique.com\/wp-content\/uploads\/2019\/07\/cortege-carte.jpg 663w, https:\/\/www.tunisienumerique.com\/wp-content\/uploads\/2019\/07\/cortege-carte-600x410.jpg 600w\" sizes=\"auto, (max-width: 663px) 100vw, 663px\"\/><\/p>\n<div class=\"mvp-org-wrap mvp-org-logo\" itemprop=\"publisher\" itemscope=\"\" itemtype=\"https:\/\/schema.org\/Organization\"><img decoding=\"async\" src=\"https:\/\/www.tunisienumerique.com\/wp-content\/uploads\/2017\/02\/logo_tunisie_numerique.png\"\/><\/div>\n<div class=\"swp_social_panel swp_horizontal_panel swp_flat_fresh swp_default_full_color swp_individual_full_color swp_other_full_color scale-100 scale-\" data-min-width=\"1100\" data-float-color=\"#ffffff\" data-float=\"none\" data-float-mobile=\"none\" data-transition=\"slide\">\n<div class=\"nc_tweetContainer swp_share_button total_shares total_sharesalt\"><span class=\"swp_count\">50 <span class=\"swp_label\">Partages<\/span><\/span><\/div>\n<\/div>\n<div class=\"mvp-related-posts left relative\">\n<h4 class=\"post-header\"><span class=\"post-header\">Lire aussi<\/span><\/h4>\n<\/div>\n<\/div>\n<p>Auteur: LM<br \/>\n<a href=\"https:\/\/www.tunisienumerique.com\/tunisie-le-circuit-du-cortege-funebre-du-president-beji-caid-essebsi\/\">Cliquez ici pour lire l&rsquo;article depuis sa source.<\/a><\/p>\n","protected":false},"excerpt":{"rendered":"<p>50 Partages Les responsables de communication du palais pr\u00e9sidentiel ont annonc\u00e9, ce vendredi, que le cort\u00e8ge fun\u00e8bre quittera le palais de Carthage\u00a0 samedi \u00e0 11 heures du matin. Il empruntera le croisement de la mosqu\u00e9e Malek Bin Anas, en direction de la route RN 10, puis de la RN 9,\u00a0en direction de Tunis. Le cort\u00e8ge [&hellip;]<\/p>\n","protected":false},"author":1789,"featured_media":48761,"comment_status":"closed","ping_status":"closed","sticky":false,"template":"","format":"standard","meta":{"fifu_image_url":"","fifu_image_alt":"","footnotes":""},"categories":[73,55],"tags":[],"class_list":["post-48760","post","type-post","status-publish","format-standard","has-post-thumbnail","hentry","category-actualite","category-tunisie"],"_links":{"self":[{"href":"https:\/\/linitiative.ca\/International\/wp-json\/wp\/v2\/posts\/48760","targetHints":{"allow":["GET"]}}],"collection":[{"href":"https:\/\/linitiative.ca\/International\/wp-json\/wp\/v2\/posts"}],"about":[{"href":"https:\/\/linitiative.ca\/International\/wp-json\/wp\/v2\/types\/post"}],"author":[{"embeddable":true,"href":"https:\/\/linitiative.ca\/International\/wp-json\/wp\/v2\/users\/1789"}],"replies":[{"embeddable":true,"href":"https:\/\/linitiative.ca\/International\/wp-json\/wp\/v2\/comments?post=48760"}],"version-history":[{"count":0,"href":"https:\/\/linitiative.ca\/International\/wp-json\/wp\/v2\/posts\/48760\/revisions"}],"wp:featuredmedia":[{"embeddable":true,"href":"https:\/\/linitiative.ca\/International\/wp-json\/"}],"wp:attachment":[{"href":"https:\/\/linitiative.ca\/International\/wp-json\/wp\/v2\/media?parent=48760"}],"wp:term":[{"taxonomy":"category","embeddable":true,"href":"https:\/\/linitiative.ca\/International\/wp-json\/wp\/v2\/categories?post=48760"},{"taxonomy":"post_tag","embeddable":true,"href":"https:\/\/linitiative.ca\/International\/wp-json\/wp\/v2\/tags?post=48760"}],"curies":[{"name":"wp","href":"https:\/\/api.w.org\/{rel}","templated":true}]}}