{"id":48762,"date":"2019-07-26T13:24:20","date_gmt":"2019-07-26T17:24:20","guid":{"rendered":"https:\/\/linitiative.ca\/International\/tunisie-le-departement-detat-americain-presente-ses-condoleances-au-peuple-tunisien\/"},"modified":"2019-07-26T13:24:20","modified_gmt":"2019-07-26T17:24:20","slug":"tunisie-le-departement-detat-americain-presente-ses-condoleances-au-peuple-tunisien","status":"publish","type":"post","link":"https:\/\/linitiative.ca\/International\/tunisie-le-departement-detat-americain-presente-ses-condoleances-au-peuple-tunisien\/","title":{"rendered":"Tunisie \u2013 Le d\u00e9partement d\u2019Etat am\u00e9ricain pr\u00e9sente ses condol\u00e9ances au peuple tunisien"},"content":{"rendered":"<div class=\"post-cont-in left relative\">\n<div class=\"swp_social_panel swp_horizontal_panel swp_flat_fresh swp_default_full_color swp_individual_full_color swp_other_full_color scale-100 scale-\" data-min-width=\"1100\" data-float-color=\"#ffffff\" data-float=\"none\" data-float-mobile=\"none\" data-transition=\"slide\">\n<div class=\"nc_tweetContainer swp_share_button total_shares total_sharesalt\"><span class=\"swp_count\">22 <span class=\"swp_label\">Partages<\/span><\/span><\/div>\n<\/div>\n<p>La porte-parole du d\u00e9partement d\u2019Etat aux USA a pr\u00e9sent\u00e9 \u00ab\u00a0ses condol\u00e9ances les plus attrist\u00e9es, au peuple tunisien,\u00a0suite au d\u00e9c\u00e8s du pr\u00e9sident Essebsi\u00a0\u00bb. Elle a ajout\u00e9 \u00ab\u00a0qu\u2019il \u00e9tait un proche ami et un partenaire de valeur pour les USA\u00a0\u00bb.<\/p>\n<p>\u00ab\u00a0On se rappellera de lui,\u00a0de ses efforts pour renforcer la d\u00e9mocratie tunisienne et la promotion de la paix et de la stabilit\u00e9 dans la r\u00e9gion\u00a0\u00bb.<\/p>\n<div class=\"code-block code-block-1 c5\"><ins class=\"adsbygoogle c4\" data-ad-layout=\"in-article\" data-ad-format=\"fluid\" data-ad-client=\"ca-pub-2102118777505746\" data-ad-slot=\"7301775417\"\/> <\/div>\n<p><img loading=\"lazy\" decoding=\"async\" class=\"aligncenter size-full wp-image-450795\" src=\"https:\/\/www.tunisienumerique.com\/wp-content\/uploads\/2019\/07\/spokesman.jpg\" alt=\"\" width=\"800\" height=\"800\" srcset=\"https:\/\/www.tunisienumerique.com\/wp-content\/uploads\/2019\/07\/spokesman.jpg 800w, https:\/\/www.tunisienumerique.com\/wp-content\/uploads\/2019\/07\/spokesman-768x768.jpg 768w, https:\/\/www.tunisienumerique.com\/wp-content\/uploads\/2019\/07\/spokesman-600x600.jpg 600w, https:\/\/www.tunisienumerique.com\/wp-content\/uploads\/2019\/07\/spokesman-80x80.jpg 80w\" sizes=\"auto, (max-width: 800px) 100vw, 800px\"\/><\/p>\n<div class=\"mvp-org-wrap mvp-org-logo\" itemprop=\"publisher\" itemscope=\"\" itemtype=\"https:\/\/schema.org\/Organization\"><img decoding=\"async\" src=\"https:\/\/www.tunisienumerique.com\/wp-content\/uploads\/2017\/02\/logo_tunisie_numerique.png\"\/><\/div>\n<div class=\"swp_social_panel swp_horizontal_panel swp_flat_fresh swp_default_full_color swp_individual_full_color swp_other_full_color scale-100 scale-\" data-min-width=\"1100\" data-float-color=\"#ffffff\" data-float=\"none\" data-float-mobile=\"none\" data-transition=\"slide\">\n<div class=\"nc_tweetContainer swp_share_button total_shares total_sharesalt\"><span class=\"swp_count\">22 <span class=\"swp_label\">Partages<\/span><\/span><\/div>\n<\/div>\n<div class=\"mvp-related-posts left relative\">\n<h4 class=\"post-header\"><span class=\"post-header\">Lire aussi<\/span><\/h4>\n<\/div>\n<\/div>\n<p>Auteur: LM<br \/>\n<a href=\"https:\/\/www.tunisienumerique.com\/tunisie-le-departement-detat-americain-presente-ses-condoleances-au-peuple-tunisien\/\">Cliquez ici pour lire l&rsquo;article depuis sa source.<\/a><\/p>\n","protected":false},"excerpt":{"rendered":"<p>22 Partages La porte-parole du d\u00e9partement d\u2019Etat aux USA a pr\u00e9sent\u00e9 \u00ab\u00a0ses condol\u00e9ances les plus attrist\u00e9es, au peuple tunisien,\u00a0suite au d\u00e9c\u00e8s du pr\u00e9sident Essebsi\u00a0\u00bb. Elle a ajout\u00e9 \u00ab\u00a0qu\u2019il \u00e9tait un proche ami et un partenaire de valeur pour les USA\u00a0\u00bb. \u00ab\u00a0On se rappellera de lui,\u00a0de ses efforts pour renforcer la d\u00e9mocratie tunisienne et la promotion [&hellip;]<\/p>\n","protected":false},"author":1789,"featured_media":48763,"comment_status":"closed","ping_status":"closed","sticky":false,"template":"","format":"standard","meta":{"fifu_image_url":"","fifu_image_alt":"","footnotes":""},"categories":[73,55],"tags":[],"class_list":["post-48762","post","type-post","status-publish","format-standard","has-post-thumbnail","hentry","category-actualite","category-tunisie"],"_links":{"self":[{"href":"https:\/\/linitiative.ca\/International\/wp-json\/wp\/v2\/posts\/48762","targetHints":{"allow":["GET"]}}],"collection":[{"href":"https:\/\/linitiative.ca\/International\/wp-json\/wp\/v2\/posts"}],"about":[{"href":"https:\/\/linitiative.ca\/International\/wp-json\/wp\/v2\/types\/post"}],"author":[{"embeddable":true,"href":"https:\/\/linitiative.ca\/International\/wp-json\/wp\/v2\/users\/1789"}],"replies":[{"embeddable":true,"href":"https:\/\/linitiative.ca\/International\/wp-json\/wp\/v2\/comments?post=48762"}],"version-history":[{"count":0,"href":"https:\/\/linitiative.ca\/International\/wp-json\/wp\/v2\/posts\/48762\/revisions"}],"wp:featuredmedia":[{"embeddable":true,"href":"https:\/\/linitiative.ca\/International\/wp-json\/"}],"wp:attachment":[{"href":"https:\/\/linitiative.ca\/International\/wp-json\/wp\/v2\/media?parent=48762"}],"wp:term":[{"taxonomy":"category","embeddable":true,"href":"https:\/\/linitiative.ca\/International\/wp-json\/wp\/v2\/categories?post=48762"},{"taxonomy":"post_tag","embeddable":true,"href":"https:\/\/linitiative.ca\/International\/wp-json\/wp\/v2\/tags?post=48762"}],"curies":[{"name":"wp","href":"https:\/\/api.w.org\/{rel}","templated":true}]}}