{"id":48764,"date":"2019-07-26T13:51:05","date_gmt":"2019-07-26T17:51:05","guid":{"rendered":"https:\/\/linitiative.ca\/International\/tunisie-la-parti-tahya-tounes-sorganise-en-vue-des-funerailles-nationales-de-bce\/"},"modified":"2019-07-26T13:51:05","modified_gmt":"2019-07-26T17:51:05","slug":"tunisie-la-parti-tahya-tounes-sorganise-en-vue-des-funerailles-nationales-de-bce","status":"publish","type":"post","link":"https:\/\/linitiative.ca\/International\/tunisie-la-parti-tahya-tounes-sorganise-en-vue-des-funerailles-nationales-de-bce\/","title":{"rendered":"Tunisie \u2013 La parti Tahya Tounes s\u2019organise en vue des fun\u00e9railles nationales de BCE"},"content":{"rendered":"<div class=\"post-cont-in left relative\">\n<div class=\"swp_social_panel swp_horizontal_panel swp_flat_fresh swp_default_full_color swp_individual_full_color swp_other_full_color scale-100 scale-\" data-min-width=\"1100\" data-float-color=\"#ffffff\" data-float=\"none\" data-float-mobile=\"none\" data-transition=\"slide\">\n<div class=\"nc_tweetContainer swp_share_button total_shares total_sharesalt\"><span class=\"swp_count\">29 <span class=\"swp_label\">Partages<\/span><\/span><\/div>\n<\/div>\n<p>Le parti Tahya Tounes a publi\u00e9 un communiqu\u00e9 dans lequel il a expos\u00e9 les dispositions prises par le mouvement, en vue de contribuer de la meilleure fa\u00e7on,\u00a0au dernier hommage qui sera rendu au d\u00e9funt pr\u00e9sident B\u00e9ji Ca\u00efd Essebsi.<\/p>\n<p>Le parti annonce avoir mis \u00e0 la disposition du public un registre de condol\u00e9ances\u00a0au si\u00e8ge central du parti, jusqu\u2019au jeudi 1<sup>er<\/sup> ao\u00fbt.<\/p>\n<div class=\"code-block code-block-1 c5\"><ins class=\"adsbygoogle c4\" data-ad-layout=\"in-article\" data-ad-format=\"fluid\" data-ad-client=\"ca-pub-2102118777505746\" data-ad-slot=\"7301775417\"\/> <\/div>\n<p>Un appel a \u00e9t\u00e9 lanc\u00e9 \u00e0 tous les partisans pour assister en masse aux fun\u00e9railles du pr\u00e9sident.<\/p>\n<p>Les leaders et membres r\u00e9gionaux du parti effectueront le salut du drapeau national, demain, \u00e0 11 heures, au moment du d\u00e9but des fun\u00e9railles.<\/p>\n<p>Un appel a \u00e9t\u00e9 lanc\u00e9 aux secr\u00e9taires r\u00e9gionaux\u00a0afin de tout\u00a0mettre en \u0153uvre pour faciliter le d\u00e9placement des partisans vers la capitale.<\/p>\n<div class=\"mvp-org-wrap mvp-org-logo\" itemprop=\"publisher\" itemscope=\"\" itemtype=\"https:\/\/schema.org\/Organization\"><img decoding=\"async\" src=\"https:\/\/www.tunisienumerique.com\/wp-content\/uploads\/2017\/02\/logo_tunisie_numerique.png\"\/><\/div>\n<div class=\"swp_social_panel swp_horizontal_panel swp_flat_fresh swp_default_full_color swp_individual_full_color swp_other_full_color scale-100 scale-\" data-min-width=\"1100\" data-float-color=\"#ffffff\" data-float=\"none\" data-float-mobile=\"none\" data-transition=\"slide\">\n<div class=\"nc_tweetContainer swp_share_button total_shares total_sharesalt\"><span class=\"swp_count\">29 <span class=\"swp_label\">Partages<\/span><\/span><\/div>\n<\/div>\n<div class=\"mvp-related-posts left relative\">\n<h4 class=\"post-header\"><span class=\"post-header\">Lire aussi<\/span><\/h4>\n<\/div>\n<\/div>\n<p>Auteur: LM<br \/>\n<a href=\"https:\/\/www.tunisienumerique.com\/tunisie-la-parti-tahya-tounes-sorganise-en-vue-des-funerailles-nationales-de-bce\/\">Cliquez ici pour lire l&rsquo;article depuis sa source.<\/a><\/p>\n","protected":false},"excerpt":{"rendered":"<p>29 Partages Le parti Tahya Tounes a publi\u00e9 un communiqu\u00e9 dans lequel il a expos\u00e9 les dispositions prises par le mouvement, en vue de contribuer de la meilleure fa\u00e7on,\u00a0au dernier hommage qui sera rendu au d\u00e9funt pr\u00e9sident B\u00e9ji Ca\u00efd Essebsi. Le parti annonce avoir mis \u00e0 la disposition du public un registre de condol\u00e9ances\u00a0au si\u00e8ge [&hellip;]<\/p>\n","protected":false},"author":1789,"featured_media":48765,"comment_status":"closed","ping_status":"closed","sticky":false,"template":"","format":"standard","meta":{"fifu_image_url":"","fifu_image_alt":"","footnotes":""},"categories":[73,55],"tags":[],"class_list":["post-48764","post","type-post","status-publish","format-standard","has-post-thumbnail","hentry","category-actualite","category-tunisie"],"_links":{"self":[{"href":"https:\/\/linitiative.ca\/International\/wp-json\/wp\/v2\/posts\/48764","targetHints":{"allow":["GET"]}}],"collection":[{"href":"https:\/\/linitiative.ca\/International\/wp-json\/wp\/v2\/posts"}],"about":[{"href":"https:\/\/linitiative.ca\/International\/wp-json\/wp\/v2\/types\/post"}],"author":[{"embeddable":true,"href":"https:\/\/linitiative.ca\/International\/wp-json\/wp\/v2\/users\/1789"}],"replies":[{"embeddable":true,"href":"https:\/\/linitiative.ca\/International\/wp-json\/wp\/v2\/comments?post=48764"}],"version-history":[{"count":0,"href":"https:\/\/linitiative.ca\/International\/wp-json\/wp\/v2\/posts\/48764\/revisions"}],"wp:featuredmedia":[{"embeddable":true,"href":"https:\/\/linitiative.ca\/International\/wp-json\/"}],"wp:attachment":[{"href":"https:\/\/linitiative.ca\/International\/wp-json\/wp\/v2\/media?parent=48764"}],"wp:term":[{"taxonomy":"category","embeddable":true,"href":"https:\/\/linitiative.ca\/International\/wp-json\/wp\/v2\/categories?post=48764"},{"taxonomy":"post_tag","embeddable":true,"href":"https:\/\/linitiative.ca\/International\/wp-json\/wp\/v2\/tags?post=48764"}],"curies":[{"name":"wp","href":"https:\/\/api.w.org\/{rel}","templated":true}]}}