{"id":48768,"date":"2019-07-26T15:03:55","date_gmt":"2019-07-26T19:03:55","guid":{"rendered":"https:\/\/linitiative.ca\/International\/tunisie-video-la-parti-nidaa-tounes-installe-une-tente-au-siege-du-parti-pout-y-recevoir-les-condoleances\/"},"modified":"2019-07-26T15:03:55","modified_gmt":"2019-07-26T19:03:55","slug":"tunisie-video-la-parti-nidaa-tounes-installe-une-tente-au-siege-du-parti-pout-y-recevoir-les-condoleances","status":"publish","type":"post","link":"https:\/\/linitiative.ca\/International\/tunisie-video-la-parti-nidaa-tounes-installe-une-tente-au-siege-du-parti-pout-y-recevoir-les-condoleances\/","title":{"rendered":"Tunisie \u2013 VIDEO\u00a0: La parti Nidaa Tounes installe une tente au si\u00e8ge du parti pout y recevoir les condol\u00e9ances"},"content":{"rendered":"<div class=\"post-cont-in left relative\">\n<div class=\"swp_social_panel swp_horizontal_panel swp_flat_fresh swp_default_full_color swp_individual_full_color swp_other_full_color scale-100 scale-\" data-min-width=\"1100\" data-float-color=\"#ffffff\" data-float=\"none\" data-float-mobile=\"none\" data-transition=\"slide\">\n<div class=\"nc_tweetContainer swp_share_button total_shares total_sharesalt\"><span class=\"swp_count\">12 <span class=\"swp_label\">Partages<\/span><\/span><\/div>\n<\/div>\n<p>Le parti Nidaa Tounes, cr\u00e9\u00e9 par feu le pr\u00e9sident B\u00e9ji Ca\u00efd Essebsi, a install\u00e9 une tente pour y recevoir les condol\u00e9ances, devant son si\u00e8ge central dans le quartier du Lac \u00e0 Tunis.<\/p>\n<p>Par ailleurs, un registre de condol\u00e9ances a \u00e9t\u00e9 mis \u00e0 la disposition des visiteurs.<\/p>\n<div class=\"code-block code-block-1 c6\"><ins class=\"adsbygoogle c5\" data-ad-layout=\"in-article\" data-ad-format=\"fluid\" data-ad-client=\"ca-pub-2102118777505746\" data-ad-slot=\"7301775417\"\/> <\/div>\n<div class=\"mvp-org-wrap mvp-org-logo\" itemprop=\"publisher\" itemscope=\"\" itemtype=\"https:\/\/schema.org\/Organization\"><img decoding=\"async\" src=\"https:\/\/www.tunisienumerique.com\/wp-content\/uploads\/2017\/02\/logo_tunisie_numerique.png\"\/><\/div>\n<div class=\"swp_social_panel swp_horizontal_panel swp_flat_fresh swp_default_full_color swp_individual_full_color swp_other_full_color scale-100 scale-\" data-min-width=\"1100\" data-float-color=\"#ffffff\" data-float=\"none\" data-float-mobile=\"none\" data-transition=\"slide\">\n<div class=\"nc_tweetContainer swp_share_button total_shares total_sharesalt\"><span class=\"swp_count\">12 <span class=\"swp_label\">Partages<\/span><\/span><\/div>\n<\/div>\n<div class=\"mvp-related-posts left relative\">\n<h4 class=\"post-header\"><span class=\"post-header\">Lire aussi<\/span><\/h4>\n<\/div>\n<\/div>\n<p>Auteur: LM<br \/>\n<a href=\"https:\/\/www.tunisienumerique.com\/tunisie-video-la-parti-nidaa-tounes-installe-une-tente-au-siege-du-parti-pout-y-recevoir-les-condoleances\/\">Cliquez ici pour lire l&rsquo;article depuis sa source.<\/a><\/p>\n","protected":false},"excerpt":{"rendered":"<p>12 Partages Le parti Nidaa Tounes, cr\u00e9\u00e9 par feu le pr\u00e9sident B\u00e9ji Ca\u00efd Essebsi, a install\u00e9 une tente pour y recevoir les condol\u00e9ances, devant son si\u00e8ge central dans le quartier du Lac \u00e0 Tunis. Par ailleurs, un registre de condol\u00e9ances a \u00e9t\u00e9 mis \u00e0 la disposition des visiteurs. 12 Partages Lire aussi Auteur: LM Cliquez [&hellip;]<\/p>\n","protected":false},"author":1789,"featured_media":48769,"comment_status":"closed","ping_status":"closed","sticky":false,"template":"","format":"standard","meta":{"fifu_image_url":"","fifu_image_alt":"","footnotes":""},"categories":[73,55],"tags":[],"class_list":["post-48768","post","type-post","status-publish","format-standard","has-post-thumbnail","hentry","category-actualite","category-tunisie"],"_links":{"self":[{"href":"https:\/\/linitiative.ca\/International\/wp-json\/wp\/v2\/posts\/48768","targetHints":{"allow":["GET"]}}],"collection":[{"href":"https:\/\/linitiative.ca\/International\/wp-json\/wp\/v2\/posts"}],"about":[{"href":"https:\/\/linitiative.ca\/International\/wp-json\/wp\/v2\/types\/post"}],"author":[{"embeddable":true,"href":"https:\/\/linitiative.ca\/International\/wp-json\/wp\/v2\/users\/1789"}],"replies":[{"embeddable":true,"href":"https:\/\/linitiative.ca\/International\/wp-json\/wp\/v2\/comments?post=48768"}],"version-history":[{"count":0,"href":"https:\/\/linitiative.ca\/International\/wp-json\/wp\/v2\/posts\/48768\/revisions"}],"wp:featuredmedia":[{"embeddable":true,"href":"https:\/\/linitiative.ca\/International\/wp-json\/"}],"wp:attachment":[{"href":"https:\/\/linitiative.ca\/International\/wp-json\/wp\/v2\/media?parent=48768"}],"wp:term":[{"taxonomy":"category","embeddable":true,"href":"https:\/\/linitiative.ca\/International\/wp-json\/wp\/v2\/categories?post=48768"},{"taxonomy":"post_tag","embeddable":true,"href":"https:\/\/linitiative.ca\/International\/wp-json\/wp\/v2\/tags?post=48768"}],"curies":[{"name":"wp","href":"https:\/\/api.w.org\/{rel}","templated":true}]}}