{"id":48770,"date":"2019-07-26T15:12:31","date_gmt":"2019-07-26T19:12:31","guid":{"rendered":"https:\/\/linitiative.ca\/International\/tunisie-cimetiere-du-jellaz-preparatifs-pour-accueillir-la-depouille-du-president-beji-caid-essebsi\/"},"modified":"2019-07-26T15:12:31","modified_gmt":"2019-07-26T19:12:31","slug":"tunisie-cimetiere-du-jellaz-preparatifs-pour-accueillir-la-depouille-du-president-beji-caid-essebsi","status":"publish","type":"post","link":"https:\/\/linitiative.ca\/International\/tunisie-cimetiere-du-jellaz-preparatifs-pour-accueillir-la-depouille-du-president-beji-caid-essebsi\/","title":{"rendered":"Tunisie \u2013 Cimeti\u00e8re du Jellaz\u00a0: Pr\u00e9paratifs pour accueillir la d\u00e9pouille du pr\u00e9sident B\u00e9ji Ca\u00efd Essebsi"},"content":{"rendered":"<div class=\"post-cont-in left relative\">\n<div class=\"swp_social_panel swp_horizontal_panel swp_flat_fresh swp_default_full_color swp_individual_full_color swp_other_full_color scale-100 scale-\" data-min-width=\"1100\" data-float-color=\"#ffffff\" data-float=\"none\" data-float-mobile=\"none\" data-transition=\"slide\">\n<div class=\"nc_tweetContainer swp_share_button total_shares total_sharesalt\"><span class=\"swp_count\">10 <span class=\"swp_label\">Partages<\/span><\/span><\/div>\n<\/div>\n<p>Les ouvriers du cimeti\u00e8re du Jellaz s\u2019activent, depuis ce matin,\u00a0\u00e0 la pr\u00e9paration de la tombe du pr\u00e9sident B\u00e9ji Ca\u00efd Essebsi qui sera inhum\u00e9 dans le carr\u00e9 r\u00e9serv\u00e9 \u00e0 sa famille.<\/p>\n<p><img loading=\"lazy\" decoding=\"async\" class=\"aligncenter size-full wp-image-450828\" src=\"https:\/\/www.tunisienumerique.com\/wp-content\/uploads\/2019\/07\/tourbet-2.jpg\" alt=\"\" width=\"600\" height=\"800\"\/><\/p>\n<div class=\"code-block code-block-1 c5\"><ins class=\"adsbygoogle c4\" data-ad-layout=\"in-article\" data-ad-format=\"fluid\" data-ad-client=\"ca-pub-2102118777505746\" data-ad-slot=\"7301775417\"\/> <\/div>\n<div class=\"mvp-org-wrap mvp-org-logo\" itemprop=\"publisher\" itemscope=\"\" itemtype=\"https:\/\/schema.org\/Organization\"><img decoding=\"async\" src=\"https:\/\/www.tunisienumerique.com\/wp-content\/uploads\/2017\/02\/logo_tunisie_numerique.png\"\/><\/div>\n<div class=\"swp_social_panel swp_horizontal_panel swp_flat_fresh swp_default_full_color swp_individual_full_color swp_other_full_color scale-100 scale-\" data-min-width=\"1100\" data-float-color=\"#ffffff\" data-float=\"none\" data-float-mobile=\"none\" data-transition=\"slide\">\n<div class=\"nc_tweetContainer swp_share_button total_shares total_sharesalt\"><span class=\"swp_count\">10 <span class=\"swp_label\">Partages<\/span><\/span><\/div>\n<\/div>\n<div class=\"mvp-related-posts left relative\">\n<h4 class=\"post-header\"><span class=\"post-header\">Lire aussi<\/span><\/h4>\n<\/div>\n<\/div>\n<p>Auteur: LM<br \/>\n<a href=\"https:\/\/www.tunisienumerique.com\/tunisie-cimetiere-du-jellaz-preparatifs-pour-accueillir-la-depouille-du-president-beji-caid-essebsi\/\">Cliquez ici pour lire l&rsquo;article depuis sa source.<\/a><\/p>\n","protected":false},"excerpt":{"rendered":"<p>10 Partages Les ouvriers du cimeti\u00e8re du Jellaz s\u2019activent, depuis ce matin,\u00a0\u00e0 la pr\u00e9paration de la tombe du pr\u00e9sident B\u00e9ji Ca\u00efd Essebsi qui sera inhum\u00e9 dans le carr\u00e9 r\u00e9serv\u00e9 \u00e0 sa famille. 10 Partages Lire aussi Auteur: LM Cliquez ici pour lire l&rsquo;article depuis sa source.<\/p>\n","protected":false},"author":1789,"featured_media":48771,"comment_status":"closed","ping_status":"closed","sticky":false,"template":"","format":"standard","meta":{"fifu_image_url":"","fifu_image_alt":"","footnotes":""},"categories":[73,55],"tags":[],"class_list":["post-48770","post","type-post","status-publish","format-standard","has-post-thumbnail","hentry","category-actualite","category-tunisie"],"_links":{"self":[{"href":"https:\/\/linitiative.ca\/International\/wp-json\/wp\/v2\/posts\/48770","targetHints":{"allow":["GET"]}}],"collection":[{"href":"https:\/\/linitiative.ca\/International\/wp-json\/wp\/v2\/posts"}],"about":[{"href":"https:\/\/linitiative.ca\/International\/wp-json\/wp\/v2\/types\/post"}],"author":[{"embeddable":true,"href":"https:\/\/linitiative.ca\/International\/wp-json\/wp\/v2\/users\/1789"}],"replies":[{"embeddable":true,"href":"https:\/\/linitiative.ca\/International\/wp-json\/wp\/v2\/comments?post=48770"}],"version-history":[{"count":0,"href":"https:\/\/linitiative.ca\/International\/wp-json\/wp\/v2\/posts\/48770\/revisions"}],"wp:featuredmedia":[{"embeddable":true,"href":"https:\/\/linitiative.ca\/International\/wp-json\/"}],"wp:attachment":[{"href":"https:\/\/linitiative.ca\/International\/wp-json\/wp\/v2\/media?parent=48770"}],"wp:term":[{"taxonomy":"category","embeddable":true,"href":"https:\/\/linitiative.ca\/International\/wp-json\/wp\/v2\/categories?post=48770"},{"taxonomy":"post_tag","embeddable":true,"href":"https:\/\/linitiative.ca\/International\/wp-json\/wp\/v2\/tags?post=48770"}],"curies":[{"name":"wp","href":"https:\/\/api.w.org\/{rel}","templated":true}]}}