{"id":48772,"date":"2019-07-26T13:14:41","date_gmt":"2019-07-26T17:14:41","guid":{"rendered":"https:\/\/linitiative.ca\/International\/unhcr-appel-a-manifestation-dinteret-pour-lappui-de-loperation-du-burkina-faso\/"},"modified":"2019-07-26T13:14:41","modified_gmt":"2019-07-26T17:14:41","slug":"unhcr-appel-a-manifestation-dinteret-pour-lappui-de-loperation-du-burkina-faso","status":"publish","type":"post","link":"https:\/\/linitiative.ca\/International\/unhcr-appel-a-manifestation-dinteret-pour-lappui-de-loperation-du-burkina-faso\/","title":{"rendered":"UNHCR: Appel \u00e0 manifestation d\u2019int\u00e9r\u00eat pour l\u2019appui de l\u2019op\u00e9ration du Burkina Faso"},"content":{"rendered":"<div class=\"td-post-featured-image\"><a href=\"https:\/\/i0.wp.com\/www.sidwaya.info\/wp-content\/uploads\/2019\/07\/unhcr.png?fit=522%2C456&#038;ssl=1\" data-caption=\"\"><img loading=\"lazy\" decoding=\"async\" width=\"522\" height=\"456\" class=\"entry-thumb td-modal-image\" src=\"https:\/\/i0.wp.com\/www.sidwaya.info\/wp-content\/uploads\/2019\/07\/unhcr.png?resize=522%2C456&#038;ssl=1\" srcset=\"https:\/\/i0.wp.com\/www.sidwaya.info\/wp-content\/uploads\/2019\/07\/unhcr.png?w=522&#038;ssl=1 522w, https:\/\/i0.wp.com\/www.sidwaya.info\/wp-content\/uploads\/2019\/07\/unhcr.png?resize=300%2C262&#038;ssl=1 300w, https:\/\/i0.wp.com\/www.sidwaya.info\/wp-content\/uploads\/2019\/07\/unhcr.png?resize=481%2C420&#038;ssl=1 481w\" sizes=\"auto, (max-width: 522px) 100vw, 522px\" alt=\"\" title=\"unhcr\"\/><\/a><\/div>\n<p><strong>APPEL<\/strong> <strong>\u00c0 MANIFESTATION D\u2019INT\u00c9R\u00caT<\/strong> <strong>POUR\u00a0L\u2019APPUI DE L\u2019OPERATION DU BURKINA FASO EN:<\/strong><strong>\u00ab ABRIS ET INFRASTRUCTURES\u00a0\u00bb,<\/strong><strong>\u00ab ARTICLES MENAGERS ESSENTIELS (AME) \u00bb<\/strong> <strong>ET \/ OU<\/strong><strong>\u00ab MONITORING DE PROTECTION DES POPULATIONS DEPLACEES INTERNES \u00bb<\/strong><\/p>\n<table width=\"0\">\n<tbody readability=\"25\">\n<tr readability=\"2\">\n<td width=\"187\">\u00a0<\/td>\n<td colspan=\"3\" width=\"291\"><strong>APPEL \u00c0 MANIFESTATION D\u2019INT\u00c9R\u00caT N\u00b02019\/BFA\/PRG\/AMI-001<\/strong><\/td>\n<td width=\"248\">\u00a0<\/td>\n<\/tr>\n<tr readability=\"14.5\">\n<td colspan=\"3\" width=\"407\" readability=\"5\"><strong>Titre et identification du projet<\/strong>\u00a0:<\/p>\n<p>PROGRAMME DE REPONSE D\u2019URGENCE A LA SITUATION DES POPULATIONS DEPLACEES INTERNES<\/p>\n<\/td>\n<td colspan=\"2\" width=\"319\" readability=\"10\"><strong>Emplacement du projet\u00a0:<\/strong><\/p>\n<p>Les R\u00e9gions\u00a0: du Sahel,\u00a0 du Nord, du Centre-Nord, des Hauts Bassins, de l\u2019Ouest et de la Boucle du Mouhoun au BURKINA FASO<\/p>\n<\/td>\n<\/tr>\n<tr>\n<td colspan=\"5\" width=\"726\"\/>\n<\/tr>\n<tr readability=\"41.5\">\n<td colspan=\"5\" width=\"726\" readability=\"44\"><strong><u>Bref historique du projet<\/u><\/strong>\u00a0: Au cours des six derniers mois, la situation en mati\u00e8re de s\u00e9curit\u00e9 et du respect des droits de l\u2019homme dans le Nord et l\u2019Est du Burkina Faso s\u2019est consid\u00e9rablement d\u00e9t\u00e9rior\u00e9e, entra\u00eenant d\u2019importants d\u00e9placements de populations. Le nombre de personnes d\u00e9plac\u00e9es internes (PDIs) est pass\u00e9 de 27 000 en septembre 2018 \u00e0 plus de 220 000 en juin 2019. Des d\u00e9placements transfrontaliers ont aussi \u00e9t\u00e9 observ\u00e9s avec au moins 14 000 personnes qui ont trouv\u00e9 refuge dans les pays voisins (Mali et Niger), et environ 2 000 Burkinab\u00e8 au Ghana. En outre, 25 000 r\u00e9fugi\u00e9s maliens vivent dans ces zones instables du Burkina Faso, aux c\u00f4t\u00e9s de populations nouvellement d\u00e9plac\u00e9es, toutes touch\u00e9es par l\u2019ins\u00e9curit\u00e9 croissante. En raison du d\u00e9placement interne, l\u2019\u00e9quipe pays des Nations Unies (UNCT), en \u00e9troite collaboration avec le Gouvernement du Burkina Faso, a mis en place un m\u00e9canisme de coordination associant plusieurs groupes sectoriels afin de r\u00e9pondre aux besoins de la population touch\u00e9e par la crise. Le HCR assure la coordination des groupes sectoriels Protection et Abris\/Articles M\u00e9nagers Essentiels (AME) et co-dirige \u00e9galement le secteur Enregistrement\/ gestion des donn\u00e9es.<\/p>\n<p>Le programme du HCR pour la r\u00e9ponse d\u2019urgence \u00e0 la situation des PDIs est ax\u00e9 sur les projets\/activit\u00e9s en faveur de (i) la mise en place, l\u2019am\u00e9lioration et le maintien d\u2019abris et d\u2019infrastructures, (ii) la fourniture d\u2019Articles M\u00e9nagers Essentiels (AME) \u00e0 la population\u00a0et (iii) le Monitoring de Protection dans les diff\u00e9rentes zones de d\u00e9placement. Les derni\u00e8res statistiques publi\u00e9es par OCHA font \u00e9tat de 220 000 personnes d\u00e9plac\u00e9es reparties dans environ 31 430 m\u00e9nages (la moyenne \u00e9tant estim\u00e9e \u00e0 7 personnes par m\u00e9nage) pour qui le programme de r\u00e9ponse d\u2019urgence sera poursuivi ciblant principalement ceux d\u2019entre eux qui sont les plus vuln\u00e9rables.<\/p>\n<p>Le monitoring de protection implique la collecte continue, la v\u00e9rification et l\u2019analyse de l\u2019information dans des zones affect\u00e9es par l\u2019ins\u00e9curit\u00e9 ou par une crise de d\u00e9placement afin d\u2019identifier les violations des droits de l\u2019homme et les risques de violations auxquels les populations civiles sont expos\u00e9es. Ce monitoring de protection se fait au niveau individuel mais \u00e9galement au niveau communautaire. Les donn\u00e9es r\u00e9colt\u00e9es servent :<\/p>\n<p>\u00b7\u00a0\u00a0\u00a0\u00a0\u00a0\u00a0\u00a0\u00a0 \u00e0 la planification et \u00e0 la mise en \u0153uvre d\u2019activit\u00e9s en faveur des communaut\u00e9s affect\u00e9es et en particulier en faveur des personnes qui ont \u00e9t\u00e9 les plus affect\u00e9es avec des vuln\u00e9rabilit\u00e9s nouvelles ou accrues\u00a0;<\/p>\n<p>\u00b7\u00a0\u00a0\u00a0\u00a0\u00a0\u00a0\u00a0\u00a0 \u00e0 la d\u00e9finition des interventions strat\u00e9giques prioritaires dans les secteurs Protection et Abris\/AME\u00a0; secteurs sous la coordination du HCR\u00a0;<\/p>\n<p>\u00b7\u00a0\u00a0\u00a0\u00a0\u00a0\u00a0\u00a0\u00a0 \u00e0 la coordination humanitaire dans son ensemble pour informer sur la r\u00e9ponse multisectorielle.<\/p>\n<p>Par ailleurs, eu \u00e9gard aux engagements pris par le HCR \u00e0 divers niveaux, l\u2019analyse des donn\u00e9es issues du monitoring de protection constitue la base des contributions du HCR aux m\u00e9canismes de rapportage p\u00e9riodique sur le respect int\u00e9gral des droits humains, du droit international humanitaire et du droit des populations relevant de son mandat.<\/p>\n<p>Le monitoring de protection identifiera \u00e9galement les tensions intercommunautaires, les risques de tensions intercommunautaires g\u00e9n\u00e9r\u00e9es ou exacerb\u00e9es par l\u2019ins\u00e9curit\u00e9 et\/ou le d\u00e9placement interne de populations en vue d\u2019un plaidoyer au-pr\u00eat des institutions \u00e9tatiques ou d\u2019un r\u00e9f\u00e9rencement vers d\u2019autres acteurs impliqu\u00e9s pour une r\u00e9ponse ad\u00e9quate.<\/p>\n<p>Une approche communautaire qui n\u2019expose pas les principaux intervenants sera privil\u00e9gi\u00e9e au cours du monitoring de protection au regard de la situation s\u00e9curitaire et des difficult\u00e9s d\u2019acc\u00e8s qui pr\u00e9valent dans les zones cibl\u00e9es.<\/p>\n<\/td>\n<\/tr>\n<tr>\n<td colspan=\"5\" width=\"726\"\/>\n<\/tr>\n<tr readability=\"16\">\n<td colspan=\"5\" width=\"726\" readability=\"25\"><strong>Objectifs<\/strong>\u00a0: Contribuer \u00e0 la r\u00e9ponse d\u2019urgence pour les populations d\u00e9plac\u00e9es internes dans leurs zones de d\u00e9placement.<\/p>\n<p><strong>Activit\u00e9s<\/strong> :<\/p>\n<p><strong>a-\u00a0 Pour les Abris\u00a0et Infrastructures:<\/strong><\/p>\n<p>\u00b7\u00a0\u00a0\u00a0\u00a0\u00a0\u00a0\u00a0\u00a0 Construction\/R\u00e9habilitation d\u2019abris et infrastructures pour les personnes les plus vuln\u00e9rables\u00a0;<\/p>\n<p>\u00b7\u00a0\u00a0\u00a0\u00a0\u00a0\u00a0\u00a0\u00a0 Installation des tentes et abris \u00ab\u00a0Refugees Housing Unit\u00a0\u00bb (RHU).<\/p>\n<p><strong>b- Pour les<\/strong> <strong>Articles M\u00e9nagers Essentiels (<\/strong><strong>AME)\u00a0:<\/strong><\/p>\n<p>\u00b7\u00a0\u00a0\u00a0\u00a0\u00a0\u00a0\u00a0\u00a0 Distribution d\u2019AME\u00a0aux populations les plus vuln\u00e9rables.<\/p>\n<p><strong>c- Pour le Monitoring de Protection\u00a0des Populations D\u00e9plac\u00e9es Internes (PDIs) :<\/strong><\/p>\n<p>\u00b7\u00a0\u00a0\u00a0\u00a0\u00a0\u00a0\u00a0\u00a0 Evaluation et analyse des mouvements de d\u00e9placements de populations\u00a0;<\/p>\n<p>\u00b7\u00a0\u00a0\u00a0\u00a0\u00a0\u00a0\u00a0\u00a0 Suivi de la situation des personnes prises en charge dans les diff\u00e9rentes zones de d\u00e9placement\u00a0;<\/p>\n<p>\u00b7\u00a0\u00a0\u00a0\u00a0\u00a0\u00a0\u00a0\u00a0 Documentation et suivi des incidents de Protection\u00a0;<\/p>\n<p>\u00b7\u00a0\u00a0\u00a0\u00a0\u00a0\u00a0\u00a0\u00a0 R\u00e9f\u00e9rencement et prise en charge des cas individuels de protection.<\/p>\n<\/td>\n<\/tr>\n<tr>\n<td width=\"187\"\/>\n<td colspan=\"2\" width=\"220\"\/>\n<td width=\"71\"\/>\n<td width=\"248\"\/>\n<\/tr>\n<tr readability=\"9\">\n<td colspan=\"5\" width=\"726\" readability=\"11\"><strong>Population prise en charge cibl\u00e9e\u00a0:<\/strong><\/p>\n<p>\u2013\u00a0 Pour les Abris et Infrastructures : 70% des m\u00e9nages de PDIs soit environ 22 000 m\u00e9nages \u00e0 assister.<\/p>\n<p>\u2013\u00a0 Pour les AME : 80% des m\u00e9nages de PDIs soit environ 25 150 m\u00e9nages \u00e0 assister.<\/p>\n<p>\u2013\u00a0 Pour le Monitoring de protection des PDIs : 100% des r\u00e9gions concern\u00e9es par les mouvements de d\u00e9placement de populations.<\/p>\n<\/td>\n<\/tr>\n<tr>\n<td colspan=\"5\" width=\"726\">\u00a0<\/td>\n<\/tr>\n<tr readability=\"2\">\n<td colspan=\"5\" width=\"726\">P\u00e9riode du projet\u00a0:\u00a0<strong>1<sup>er<\/sup> Septembre au 31 d\u00e9cembre 2019<\/strong><\/td>\n<\/tr>\n<tr>\n<td colspan=\"5\" width=\"726\">\u00a0<\/td>\n<\/tr>\n<tr readability=\"6.5\">\n<td colspan=\"2\" width=\"313\" readability=\"6\">D\u00e9lai de soumission\u00a0:<\/p>\n<p><strong>Jeudi<\/strong> <strong>15 Ao\u00fbt 2019 \u00e0 17H00, heure<\/strong> GMT<\/p>\n<\/td>\n<td colspan=\"3\" width=\"413\">Date de la d\u00e9cision et communication des r\u00e9sultats aux candidats :<\/p>\n<p><strong>Lundi 26 Ao\u00fbt 2019<\/strong><\/p>\n<\/td>\n<\/tr>\n<tr>\n<td width=\"187\"\/>\n<td width=\"126\"\/>\n<td width=\"95\"\/>\n<td width=\"71\"\/>\n<td width=\"248\"\/>\n<\/tr>\n<\/tbody>\n<\/table>\n<table width=\"0\">\n<tbody readability=\"7\">\n<tr>\n<td width=\"727\"><strong>Crit\u00e8res de s\u00e9lection<\/strong><\/td>\n<\/tr>\n<tr readability=\"14\">\n<td width=\"727\"><strong>Description des crit\u00e8res\u00a0:<\/strong> Les dossiers de soumissions seront examin\u00e9s par le Comit\u00e9 de Gestion du Partenariat du HCR. Sont concern\u00e9es les entit\u00e9s nationales et les organisations \u00e0 but non lucratif (Organisations Non Gouvernementales, Organisations \u00e0 Base Communautaire etc.) respectant les crit\u00e8res \u00e9num\u00e9r\u00e9s ci-dessous\u00a0:<\/p>\n<table>\n<tbody readability=\"35\">\n<tr readability=\"4\">\n<td width=\"108\"><strong>Crit\u00e8res d\u2019\u00e9valuation<\/strong><\/td>\n<td width=\"529\"><strong>Description des crit\u00e8res<\/strong><\/td>\n<td width=\"64\"><strong>Poids<\/strong><\/td>\n<\/tr>\n<tr readability=\"8\">\n<td rowspan=\"5\" width=\"108\" readability=\"5\">1-<\/p>\n<p>Expertise dans le secteur et exp\u00e9rience<\/p>\n<\/td>\n<td width=\"529\">Avoir une exp\u00e9rience de travail avec les populations vuln\u00e9rables (Refugies, Migrants, PDIs) \u00a0\/ Bonnes connaissances sur la protection internationale.<\/td>\n<td width=\"64\">10%<\/td>\n<\/tr>\n<tr readability=\"2\">\n<td width=\"529\">Avoir une exp\u00e9rience de travail dans un contexte de s\u00e9curit\u00e9 difficile.<\/td>\n<td width=\"64\">10%<\/td>\n<\/tr>\n<tr readability=\"2\">\n<td width=\"529\">D\u00e9montrer une comp\u00e9tence dans la mise en \u0153uvre de programme et projet de protection.<\/td>\n<td width=\"64\">5%<\/td>\n<\/tr>\n<tr readability=\"3\">\n<td width=\"529\">Avoir une exp\u00e9rience de travail dans le domaine des interventions mon\u00e9taires \/ Cash Based Interventions (CBI) dans la mise en \u0153uvre des projets.<\/td>\n<td width=\"64\">5%<\/td>\n<\/tr>\n<tr>\n<td width=\"529\"><strong>Sous-Total 1<\/strong><\/td>\n<td width=\"64\"><strong>30%<\/strong><\/td>\n<\/tr>\n<tr readability=\"2\">\n<td rowspan=\"4\" width=\"108\">2-<\/p>\n<p>Gestion de projet<\/p>\n<\/td>\n<td width=\"529\">D\u00e9montrer une capacit\u00e9 \u00e0 r\u00e9aliser les objectifs du projet.<\/td>\n<td width=\"64\">10%<\/td>\n<\/tr>\n<tr readability=\"4\">\n<td width=\"529\">Avoir une structure administrative et financi\u00e8re cr\u00e9dible r\u00e9pondant aux normes internationales admises en mati\u00e8re de gestion de ressources (financi\u00e8res, humaines et mat\u00e9rielles\u2026).<\/td>\n<td width=\"64\">10%<\/td>\n<\/tr>\n<tr readability=\"3\">\n<td width=\"529\">Faire la preuve des r\u00e9sultats de contr\u00f4le satisfaisants des pr\u00e9c\u00e9dents projets financ\u00e9s par une Agence des Nations Unies ou tout autre bailleur de fonds.<\/td>\n<td width=\"64\">5%<\/td>\n<\/tr>\n<tr>\n<td width=\"529\"><strong>Sous-Total 2<\/strong><\/td>\n<td width=\"64\"><strong>25%<\/strong><\/td>\n<\/tr>\n<tr readability=\"6\">\n<td rowspan=\"4\" width=\"108\" readability=\"5\">3-<\/p>\n<p>Connaissance de l\u2019environnement local et pr\u00e9sence dans la zone d\u2019activit\u00e9s<\/p>\n<\/td>\n<td width=\"529\">Avoir une pr\u00e9sence et un programme en cours dans les zones d\u2019op\u00e9rations et\/ou une bonne connaissance des zones d\u2019intervention.<\/td>\n<td width=\"64\">5%<\/td>\n<\/tr>\n<tr readability=\"2\">\n<td width=\"529\">Avoir une bonne connaissance des communaut\u00e9s d\u2019accueil et du contexte local.<\/td>\n<td width=\"64\">5%<\/td>\n<\/tr>\n<tr readability=\"4\">\n<td width=\"529\">Avoir une exp\u00e9rience av\u00e9r\u00e9e de la mise en \u0153uvre de l\u2019approche communautaire dans la gestion des situations des personnes relevant de la comp\u00e9tence du HCR en particulier dans les zones d\u2019intervention.<\/td>\n<td width=\"64\">5%<\/td>\n<\/tr>\n<tr>\n<td width=\"529\"><strong>Sous-Total 3<\/strong><\/td>\n<td width=\"64\"><strong>15%<\/strong><\/td>\n<\/tr>\n<tr readability=\"8\">\n<td rowspan=\"3\" width=\"108\" readability=\"5\">4-<\/p>\n<p>Efficacit\u00e9 de co\u00fbt et contribution aux ressources du projet<\/p>\n<\/td>\n<td width=\"529\">Justifier et documenter la contribution des ressources au Projet en num\u00e9raire ou en nature (par exemple des ressources humaines, des fournitures et\/ou des \u00e9quipements) en compl\u00e9ment des ressources du HCR. La valeur estimative des ressources en nature devra \u00eatre indiqu\u00e9e.<\/td>\n<td width=\"64\">10%<\/td>\n<\/tr>\n<tr readability=\"3\">\n<td width=\"529\">Pr\u00e9ciser le montant des ressources imm\u00e9diatement disponibles et celles potentiellement mobilisables.<\/td>\n<td width=\"64\">5%<\/td>\n<\/tr>\n<tr>\n<td width=\"529\"><strong>Sous-Total 4<\/strong><\/td>\n<td width=\"64\"><strong>15%<\/strong><\/td>\n<\/tr>\n<tr readability=\"8\">\n<td rowspan=\"3\" width=\"108\" readability=\"5\">5-<\/p>\n<p>Exp\u00e9rience de travail avec le HCR<\/p>\n<\/td>\n<td width=\"529\">Avoir une connaissance des politiques, des proc\u00e9dures et de la gestion des programmes du HCR, y compris une compr\u00e9hension des limites de financement ainsi que les risques inh\u00e9rents.<\/td>\n<td width=\"64\">5%<\/td>\n<\/tr>\n<tr readability=\"5\">\n<td width=\"529\">Avoir une exp\u00e9rience de travail avec le HCR dans le(s) domaine(s) d\u2019int\u00e9r\u00eat\u00a0: (i) le Monitoring de protection \u00e0 base communautaire, (ii) la construction\/r\u00e9habilitation des Abris et infrastructures et (iii) la distribution des Articles M\u00e9nagers Essentiels (AME).<\/td>\n<td width=\"64\">5%<\/td>\n<\/tr>\n<tr>\n<td width=\"529\"><strong>Sous-Total 5<\/strong><\/td>\n<td width=\"64\"><strong>10%<\/strong><\/td>\n<\/tr>\n<tr readability=\"5\">\n<td rowspan=\"2\" width=\"108\" readability=\"5\">6-<\/p>\n<p>Exp\u00e9rience de travail avec le Syst\u00e8me des Nations Unies<\/p>\n<\/td>\n<td width=\"529\">Avoir une exp\u00e9rience avec une autre agence du syst\u00e8me des Nations Unies<\/td>\n<td width=\"64\">5%<\/td>\n<\/tr>\n<tr>\n<td width=\"529\"><strong>Sous-Total 6<\/strong><\/td>\n<td width=\"64\"><strong>5%<\/strong><\/td>\n<\/tr>\n<tr readability=\"6\">\n<td width=\"108\">7-<\/p>\n<p>Autre<\/p>\n<\/td>\n<td width=\"529\">Pour les ONG internationales int\u00e9ress\u00e9es par cette offre, il sied de noter que les 7% repr\u00e9sentant les frais administratifs ou frais de si\u00e8ge auxquels elles ont droit sont fix\u00e9s et non extensibles. Ils seront calcul\u00e9s sur le co\u00fbt global du projet dans le strict respect du principe \u00e9tabli en la mati\u00e8re. <strong><u>Cette condition est non n\u00e9gociable<\/u><\/strong>.<\/td>\n<td width=\"64\">0%<\/td>\n<\/tr>\n<\/tbody>\n<\/table>\n<\/td>\n<\/tr>\n<\/tbody>\n<\/table>\n<p>La date limite de soumission est fix\u00e9e au <strong>Jeudi 15 Aout 2019 \u00e0 17h 00, heure GMT<\/strong>.<\/p>\n<p>Le dossier d\u2019avis \u00e0 manifestation d\u2019int\u00e9r\u00eat doit \u00eatre compos\u00e9 de :<\/p>\n<ol>\n<li>L\u2019annexe D : Note succincte (\u00e0 compl\u00e9ter par le partenaire) ;<\/li>\n<li>L\u2019annexe A : D\u00e9claration du partenaire pour les partenaires n\u2019ayant jamais eu un accord avec le HCR.<\/li>\n<\/ol>\n<p>Un format des deux formulaires ci-dessus cit\u00e9s et qui sont \u00e0 renseigner sont disponibles au bureau du HCR \u00e0 Ouagadougou et peuvent \u00eatre sollicit\u00e9s par e-mail aux adresses suivantes : <a href=\"mailto:ketevik@unhcr.org\">ketevik@unhcr.org<\/a> et <a href=\"mailto:gounongb@unhcr.org\">gounongb@unhcr.org<\/a>.<\/p>\n<p>Les enveloppes de soumissions scell\u00e9es sont \u00e0 d\u00e9poser au bureau de l\u2019UNHCR \u00e0 Ouagadougou, \u00e0 Kaya, \u00e0 Dori, \u00e0 Djibo ou \u00e0 Bobo Dioulasso au plus tard le <strong>Jeudi 15 Aout 2019 \u00e0 17h00<\/strong> \u00e0 l\u2019adresse suivante, avec les mentions ci-apr\u00e8s:<\/p>\n<p><strong>Dossier d\u2019Appel \u00e0 manifestation d\u2019int\u00e9r\u00eat R\u00e9f.<\/strong> <strong>2019\/BFA\/PRG\/AMI-001<\/strong> <strong>UNHCR, Repr\u00e9sentation au Burkina Faso<\/strong><\/p>\n<p><strong>A l\u2019attention du Secr\u00e9tariat du Comit\u00e9 de Gestion du Partenariat d\u2019ex\u00e9cution Zone industrielle de Gounghin 06 BP 9207 Ouagadougou, R\u00e9publique de Burkina Faso<\/strong><\/p>\n<p><strong><u>NB\u00a0:<\/u><\/strong><\/p>\n<ul>\n<li>Toutes les soumissions et annexes doivent \u00eatre soumises <strong><u>en fran\u00e7ais\u00a0<\/u><\/strong>; les soumissions peuvent porter soit sur <strong><u>un<\/u><\/strong>, soit sur <strong><u>deux<\/u><\/strong> ou encore sur tous les <strong><u>trois<\/u><\/strong> secteurs que sont \u00ab ABRIS ET INFRASTRUCTURES\u00a0\u00bb, \u00ab ARTICLES MENAGERS ESSENTIELS (AME) \u00bb et \u00ab MONITORING DE PROTECTION DES POPULATIONS DEPLACEES INTERNES \u00bb.<\/li>\n<li>Les partenaires potentiels devraient id\u00e9alement \u00eatre inscrits sur le nouveau portail des partenaires des Nations Unies (HCR, PAM et UNICEF) : <a href=\"https:\/\/www.unpartnerportal.org\">https:\/\/www.unpartnerportal.org<\/a><\/li>\n<li>Le syst\u00e8me vous permet de t\u00e9l\u00e9charger un seul fichier. Pour les envois contenant plusieurs documents, placez tous les documents dans un seul dossier qui doit \u00eatre compress\u00e9 avant d\u2019\u00eatre t\u00e9l\u00e9charg\u00e9. Si un partenaire potentiel n\u2019est pas en mesure de terminer le processus d\u2019inscription sur le portail avant la date limite de soumission des candidatures, celle-ci peut \u00eatre transmise \u00e0 l\u2019adresse suivante\u00a0: <a href=\"mailto:bkfou@unhcr.org\">bkfou@unhcr.org<\/a> tout en copiant les adresses suivantes\u00a0: <a href=\"mailto:ketevik@unhcr.org\">ketevik@unhcr.org<\/a> et <a href=\"mailto:gounongb@unhcr.org\">gounongb@unhcr.org<\/a><\/li>\n<\/ul>\n<p>Si vous rencontrez des probl\u00e8mes techniques lors de la soumission sur le portail, veuillez adresser vos questions \u00e0: <a href=\"mailto:ketevik@unhcr.org\">ketevik@unhcr.org<\/a> et <a href=\"mailto:gounongb@unhcr.org\">gounongb@unhcr.org<\/a><\/p>\n<p>Pour plus de pr\u00e9cisions, pri\u00e8re prendre contact avec la Section Programme au bureau du HCR \u00e0 Ouagadougou (Voir Mr Kodjo K. KETEVI, Senior Programme Officer Tel : +226 77 29 35 21).<\/p>\n<ul>\n<li>Tout partenaire ayant re\u00e7u une opinion qualifi\u00e9e deux ann\u00e9es cons\u00e9cutives avec l\u2019UNHCR n\u2019est pas \u00e9ligible au pr\u00e9sent appel \u00e0 manifestation d\u2019int\u00e9r\u00eat.<\/li>\n<\/ul>\n<p><strong>\u00a0<\/strong>Fait \u00e0 Ouagadougou, le 26 Juillet 2019<\/p>\n<table>\n<tbody readability=\"1.5\">\n<tr readability=\"3\">\n<td width=\"209\"><strong>Paul Shelubale Ali-Pauni<\/strong><\/p>\n<p><strong>Repr\u00e9sentant Adjoint<\/strong><\/p>\n<p><strong>Charg\u00e9 de Bureau<\/strong><\/p>\n<p><strong>UNHCR, Burkina Faso<\/strong><\/p>\n<\/td>\n<\/tr>\n<\/tbody>\n<\/table>\n<p><strong>\u00a0<\/strong><\/p>\n<div class=\"td-a-rec td-a-rec-id-content_bottom td_uid_30_5d3b7423f099b_rand td_block_template_1\"><img loading=\"lazy\" decoding=\"async\" class=\"aligncenter size-full wp-image-9623\" src=\"https:\/\/www.sidwaya.info\/wp-content\/uploads\/2019\/06\/Projet-bannie%CC%80re-Orange-mobile.jpg\" alt=\"\" width=\"728\" height=\"81\"\/><\/div>\n<p>Auteur: BS. Sidwaya<br \/>\n<a href=\"https:\/\/www.sidwaya.info\/blog\/2019\/07\/26\/unhcr-appel-a-manifestation-dinteret-pour-lappui-de-loperation-du-burkina-faso\/\">Cliquez ici pour lire l&rsquo;article depuis sa source.<\/a><\/p>\n","protected":false},"excerpt":{"rendered":"<p>APPEL \u00c0 MANIFESTATION D\u2019INT\u00c9R\u00caT POUR\u00a0L\u2019APPUI DE L\u2019OPERATION DU BURKINA FASO EN:\u00ab ABRIS ET INFRASTRUCTURES\u00a0\u00bb,\u00ab ARTICLES MENAGERS ESSENTIELS (AME) \u00bb ET \/ OU\u00ab MONITORING DE PROTECTION DES POPULATIONS DEPLACEES INTERNES \u00bb \u00a0 APPEL \u00c0 MANIFESTATION D\u2019INT\u00c9R\u00caT N\u00b02019\/BFA\/PRG\/AMI-001 \u00a0 Titre et identification du projet\u00a0: PROGRAMME DE REPONSE D\u2019URGENCE A LA SITUATION DES POPULATIONS DEPLACEES INTERNES Emplacement du [&hellip;]<\/p>\n","protected":false},"author":1816,"featured_media":0,"comment_status":"closed","ping_status":"closed","sticky":false,"template":"","format":"standard","meta":{"fifu_image_url":"","fifu_image_alt":"","footnotes":""},"categories":[73,81],"tags":[],"class_list":["post-48772","post","type-post","status-publish","format-standard","hentry","category-actualite","category-burkina-faso"],"_links":{"self":[{"href":"https:\/\/linitiative.ca\/International\/wp-json\/wp\/v2\/posts\/48772","targetHints":{"allow":["GET"]}}],"collection":[{"href":"https:\/\/linitiative.ca\/International\/wp-json\/wp\/v2\/posts"}],"about":[{"href":"https:\/\/linitiative.ca\/International\/wp-json\/wp\/v2\/types\/post"}],"author":[{"embeddable":true,"href":"https:\/\/linitiative.ca\/International\/wp-json\/wp\/v2\/users\/1816"}],"replies":[{"embeddable":true,"href":"https:\/\/linitiative.ca\/International\/wp-json\/wp\/v2\/comments?post=48772"}],"version-history":[{"count":0,"href":"https:\/\/linitiative.ca\/International\/wp-json\/wp\/v2\/posts\/48772\/revisions"}],"wp:attachment":[{"href":"https:\/\/linitiative.ca\/International\/wp-json\/wp\/v2\/media?parent=48772"}],"wp:term":[{"taxonomy":"category","embeddable":true,"href":"https:\/\/linitiative.ca\/International\/wp-json\/wp\/v2\/categories?post=48772"},{"taxonomy":"post_tag","embeddable":true,"href":"https:\/\/linitiative.ca\/International\/wp-json\/wp\/v2\/tags?post=48772"}],"curies":[{"name":"wp","href":"https:\/\/api.w.org\/{rel}","templated":true}]}}