{"id":48773,"date":"2019-07-26T13:18:05","date_gmt":"2019-07-26T17:18:05","guid":{"rendered":"https:\/\/linitiative.ca\/International\/baisse-du-taux-de-fecondite-au-burkina-faso-rapport\/"},"modified":"2019-07-26T13:18:05","modified_gmt":"2019-07-26T17:18:05","slug":"baisse-du-taux-de-fecondite-au-burkina-faso-rapport","status":"publish","type":"post","link":"https:\/\/linitiative.ca\/International\/baisse-du-taux-de-fecondite-au-burkina-faso-rapport\/","title":{"rendered":"Baisse du taux de f\u00e9condit\u00e9 au Burkina Faso (rapport)"},"content":{"rendered":"<div readability=\"32\">\n<p>Publi\u00e9 le 26.07.2019 \u00e0 18h18 par APA News<\/p>\n<\/div>\n<div readability=\"71\">\n<p>Le nombre moyen d\u2019enfants par femme au Burkina Faso est pass\u00e9 de 6,9 en 1993 \u00e0 5,4 en 2015, indique le rapport 2019 sur l\u2019\u00e9tat de la population mondiale parvenu vendredi \u00e0 APA.Selon le rapport du Fonds des Nations Unies pour la population (Unfpa), 25 ans apr\u00e8s la mise en \u0153uvre du Programme d\u2019action de la Conf\u00e9rence internationale sur la population et le d\u00e9veloppement (CIPD) au Burkina Faso, des progr\u00e8s consid\u00e9rables ont \u00e9t\u00e9 r\u00e9alis\u00e9s.<\/p>\n<p>Il en ressort que la pauvret\u00e9 a recul\u00e9 de 4,4 points de pourcentage, passant de 44,5% en 1994 \u00e0 40,1% en 2014.<\/p>\n<p>\u00abLe quotient de mortalit\u00e9 infanto-juv\u00e9nile est pass\u00e9 de 187(pour mille) en 1993 \u00e0 81,7(pour mille) en 2015, tandis que le rapport de mortalit\u00e9 maternelle est pass\u00e9 de 484 \u00e0 330 d\u00e9c\u00e8s maternels pour 100 000 naissances vivantes entre 1993 et 2015\u00bb, pr\u00e9cise le document.<\/p>\n<p>Le rapport 2019 sur l\u2019\u00e9tat de la population mondiale souligne qu\u2019au Burkina, la pr\u00e9valence contraceptive moderne chez les femmes en union a \u00e9t\u00e9 multipli\u00e9e par cinq, passant de 4% en 1993 \u00e0 22,5% en 2015, avant d\u2019ajouter que \u00abl\u2019am\u00e9lioration de ces indicateurs a induit une baisse du nombre moyen d\u2019enfants par femme de 6,9 \u00e0 5,4 entre 1993 et 2015\u00bb.<\/p>\n<p>Le rapport sur l\u2019\u00e9tat de la population mondiale est publi\u00e9 annuellement depuis 1978. Chaque ann\u00e9e, il consacre un th\u00e8me, analyse les \u00e9volutions et les tendances d\u00e9mographiques et se penche sur les d\u00e9fis particuliers auxquels les groupes de population sp\u00e9cifiques peuvent \u00eatre confront\u00e9s.<\/p>\n<\/div>\n<p>Auteur: APA News<br \/>\n<a href=\"https:\/\/www.journalducameroun.com\/baisse-du-taux-de-fecondite-au-burkina-faso-rapport\/\">Cliquez ici pour lire l&rsquo;article depuis sa source.<\/a><\/p>\n","protected":false},"excerpt":{"rendered":"<p>Publi\u00e9 le 26.07.2019 \u00e0 18h18 par APA News Le nombre moyen d\u2019enfants par femme au Burkina Faso est pass\u00e9 de 6,9 en 1993 \u00e0 5,4 en 2015, indique le rapport 2019 sur l\u2019\u00e9tat de la population mondiale parvenu vendredi \u00e0 APA.Selon le rapport du Fonds des Nations Unies pour la population (Unfpa), 25 ans apr\u00e8s [&hellip;]<\/p>\n","protected":false},"author":1965,"featured_media":0,"comment_status":"closed","ping_status":"closed","sticky":false,"template":"","format":"standard","meta":{"fifu_image_url":"","fifu_image_alt":"","footnotes":""},"categories":[73,82],"tags":[],"class_list":["post-48773","post","type-post","status-publish","format-standard","hentry","category-actualite","category-cameroun"],"_links":{"self":[{"href":"https:\/\/linitiative.ca\/International\/wp-json\/wp\/v2\/posts\/48773","targetHints":{"allow":["GET"]}}],"collection":[{"href":"https:\/\/linitiative.ca\/International\/wp-json\/wp\/v2\/posts"}],"about":[{"href":"https:\/\/linitiative.ca\/International\/wp-json\/wp\/v2\/types\/post"}],"author":[{"embeddable":true,"href":"https:\/\/linitiative.ca\/International\/wp-json\/wp\/v2\/users\/1965"}],"replies":[{"embeddable":true,"href":"https:\/\/linitiative.ca\/International\/wp-json\/wp\/v2\/comments?post=48773"}],"version-history":[{"count":0,"href":"https:\/\/linitiative.ca\/International\/wp-json\/wp\/v2\/posts\/48773\/revisions"}],"wp:attachment":[{"href":"https:\/\/linitiative.ca\/International\/wp-json\/wp\/v2\/media?parent=48773"}],"wp:term":[{"taxonomy":"category","embeddable":true,"href":"https:\/\/linitiative.ca\/International\/wp-json\/wp\/v2\/categories?post=48773"},{"taxonomy":"post_tag","embeddable":true,"href":"https:\/\/linitiative.ca\/International\/wp-json\/wp\/v2\/tags?post=48773"}],"curies":[{"name":"wp","href":"https:\/\/api.w.org\/{rel}","templated":true}]}}