{"id":48774,"date":"2019-07-26T13:20:48","date_gmt":"2019-07-26T17:20:48","guid":{"rendered":"https:\/\/linitiative.ca\/International\/arnaud-djoum-je-reste-a-la-disposition-de-la-selection-nationale-du-cameroun\/"},"modified":"2019-07-26T13:20:48","modified_gmt":"2019-07-26T17:20:48","slug":"arnaud-djoum-je-reste-a-la-disposition-de-la-selection-nationale-du-cameroun","status":"publish","type":"post","link":"https:\/\/linitiative.ca\/International\/arnaud-djoum-je-reste-a-la-disposition-de-la-selection-nationale-du-cameroun\/","title":{"rendered":"Arnaud Djoum\u00a0: \u00ab\u00a0Je reste \u00e0 la disposition de la s\u00e9lection nationale du Cameroun\u00a0\u00bb"},"content":{"rendered":"<div readability=\"34\">\n<p>Publi\u00e9 le 26.07.2019 \u00e0 18h20 par Propos recueillis (par t\u00e9l\u00e9phone), par Emile Zola Nd\u00e9 Tchoussi<\/p>\n<\/div>\n<div readability=\"113\">\n<h2 class=\"c2\"><strong>Dans une interview exclusive accord\u00e9e \u00e0 Journal du Cameroun, l\u2019international camerounais de 30 ans explique pourquoi il a choisi de migrer en Arabie Saoudite, dans le club de Al-Raed Fc. L\u2019ancien joueur des Hearts en Ecosse fixe ses ambitions avec son nouveau club et la s\u00e9lection nationale.<\/strong><\/h2>\n<p class=\"c3\"><strong>O\u00f9 est pass\u00e9 Djoum apr\u00e8s la Can \u00e9gyptienne\u00a0?<\/strong><\/p>\n<p class=\"c3\">Apr\u00e8s la Can, je suis all\u00e9 \u00e0 Bruxelles, o\u00f9 j\u2019ai pris mes vacances. A la suite d\u2019une longue saison en Ecosse, avec mon club de Heart\u00a0Of Midlothian FC, ponctu\u00e9e par une quatri\u00e8me place en championnat et une finale de Coupe d\u2019Ecosse perdue face au Celtic Glasgow, j\u2019ai encha\u00een\u00e9 avec la pr\u00e9paration de la Can qui nous a conduit \u00e0 des stages en Espagne et au Qatar. Des regroupements conclus chaque fois par des matchs amicaux. A la fin, en neuf mois, j\u2019ai disput\u00e9 plus de 60 matches toutes comp\u00e9titions confondues. Du coup, j\u2019avais besoin de me reposer. C\u2019est ce que je fais depuis que nous avons \u00e9t\u00e9 \u00e9limin\u00e9s de la Can.<\/p>\n<p class=\"c3\"><strong>Avec le recul, qu\u2019est ce qui a caus\u00e9 l\u2019\u00e9limination pr\u00e9coce des Lions en Egypte\u00a0?<\/strong><\/p>\n<p class=\"c3\">Si je devais faire un bilan des Lions \u00e0 cette Can, je dirais que tout n\u2019a pas \u00e9t\u00e9 mauvais. Nous avons bien commenc\u00e9 par une belle victoire face \u00e0 la Guin\u00e9e Bissau, apr\u00e8s nous avons fait deux matchs nuls devant des bonnes \u00e9quipes du Ghana et du B\u00e9nin. Lors de ces deux derni\u00e8res rencontres, il nous a seulement manqu\u00e9 l\u2019efficacit\u00e9 offensive. Il faut dire qu\u2019il est parfois difficile de jouer contre une \u00e9quipe regroup\u00e9e derri\u00e8re, comme ce fut le cas face au B\u00e9nin. En huiti\u00e8me de finale, face au Nigeria, nous avons fait un bon match, mais nous avons connu trois minutes de flottement d\u00e9fensif qui nous a co\u00fbt\u00e9 cher. Il faut aussi avouer que ce jour-l\u00e0, nous sommes tomb\u00e9s sur une tr\u00e8s bonne \u00e9quipe nig\u00e9riane qui a su exploiter nos erreurs.<\/p>\n<p class=\"c3\"><strong>Vous \u00eates sollicit\u00e9 par un club saoudien, allez-vous r\u00e9pondre favorablement ?<\/strong><\/p>\n<p class=\"c3\">Oui\u00a0! J\u2019ai sign\u00e9 un contrat de deux ans \u00e0 Al-Raed\u00a0Fc. Il s\u2019agit d\u2019un club de premi\u00e8re division du championnat saoudien, bas\u00e9 \u00e0 Buraydah, \u00e0 deux heures de route de la capitale Riyad. Arriv\u00e9 en fin de contrat avec les Hearts, j\u2019ai eu beaucoup de sollicitations. Mais, je voulais d\u2019abord jouer la Can avant de prendre ma d\u00e9cision. Apr\u00e8s l\u2019\u00e9tude de toutes les sollicitations avec mon manager, nous avons trouv\u00e9 l\u2019offre du club saoudien, de loin, la plus all\u00e9chante, sur le plan financier. Et les Saoudiens ont montr\u00e9 un grand int\u00e9r\u00eat \u00e0 me recruter. A tel point que m\u00eame le pr\u00e9sident du club Fahad Al-Mutawa est venu me rencontrer \u00e0 Isma\u00eflia.<\/p>\n<p class=\"c3\"><strong>Quelles sont tes ambitions avec ce club\u00a0?<\/strong><\/p>\n<p class=\"c3\">Je rejoins mes co\u00e9quipiers qui seront en stage ici en Belgique d\u00e8s ce lundi, 29 juillet. Le coach du club Besnik Hasi \u00e9tant un belge, il est plus facile pour lui de trouver un lieu de stage de pr\u00e9saison dans son pays. Pour ce nouveau d\u00e9fi, je vais travailler d\u2019arrache-pied, comme je l\u2019ai toujours fait dans mes diff\u00e9rents clubs (Fc Brussels, RSC Anderlecht, Roda JC, Beledyespor, Lech Poznan et les Hearts, Ndlr) o\u00f9 je suis pass\u00e9, pour me faire une place de titulaire, afin d\u2019aider Al-Raed\u00a0Fc \u00e0 se hisser au sommet du classement.\u00a0\u00a0La saison derni\u00e8re, le club a termin\u00e9 septi\u00e8me et pour cette nouvelle \u00e9dition, nous souhaitons faire mieux avec les recrues. Le championnat d\u00e9marre le 25 ao\u00fbt prochain, j\u2019ai h\u00e2te d\u2019y \u00eatre afin de d\u00e9couvrir ce nouveau challenge<strong>.\u00a0\u00a0<\/strong><\/p>\n<p class=\"c3\"><strong>En choisissant le championnat saoudien pour \u00e9voluer d\u00e9sormais, ne pensez-vous pas que vous vous \u00e9loignez de la s\u00e9lection nationale\u00a0?<\/strong><\/p>\n<p class=\"c3\">Non\u00a0! C\u2019est le championnat le plus relev\u00e9 d\u2019Asie. La Premier League regroupe les seize meilleurs clubs du pays et le championnat est tr\u00e8s disput\u00e9. Le nombre de joueurs \u00e9trangers est port\u00e9 \u00e0 partir de cette saison de 7 \u00e0 8 par \u00e9quipes. C\u2019est ainsi qu\u2019on y retrouve de nombreux internationaux\u00a0\u00e9trangers\u00a0dans le royaume saoudien : je peux citer\u00a0: l\u2019italien Giovinco, le fran\u00e7ais Louis Gomis, les marocains Nordin Arabat, Manuel Dacosta, Boussoufa (capitaine)\u00a0; le guin\u00e9en Isma\u00ebl Bangoura\u00a0; le nig\u00e9rian Ahmed Musa et de nombreux alg\u00e9riens et br\u00e9siliens. Je pense\u00a0tr\u00e8s humblement que si je suis toujours performant, je serai s\u00e9lectionn\u00e9. De toutes les fa\u00e7ons, je reste \u00e0 la disposition du futur s\u00e9lectionneur des Lions indomptables.<\/p>\n<\/div>\n<p>Auteur: nadine laure guepi kenfack<br \/>\n<a href=\"https:\/\/www.journalducameroun.com\/arnaud-djoum-je-reste-a-la-disposition-de-la-selection-nationale-du-cameroun\/\">Cliquez ici pour lire l&rsquo;article depuis sa source.<\/a><\/p>\n","protected":false},"excerpt":{"rendered":"<p>Publi\u00e9 le 26.07.2019 \u00e0 18h20 par Propos recueillis (par t\u00e9l\u00e9phone), par Emile Zola Nd\u00e9 Tchoussi Dans une interview exclusive accord\u00e9e \u00e0 Journal du Cameroun, l\u2019international camerounais de 30 ans explique pourquoi il a choisi de migrer en Arabie Saoudite, dans le club de Al-Raed Fc. L\u2019ancien joueur des Hearts en Ecosse fixe ses ambitions avec [&hellip;]<\/p>\n","protected":false},"author":1965,"featured_media":0,"comment_status":"closed","ping_status":"closed","sticky":false,"template":"","format":"standard","meta":{"fifu_image_url":"","fifu_image_alt":"","footnotes":""},"categories":[73,82],"tags":[],"class_list":["post-48774","post","type-post","status-publish","format-standard","hentry","category-actualite","category-cameroun"],"_links":{"self":[{"href":"https:\/\/linitiative.ca\/International\/wp-json\/wp\/v2\/posts\/48774","targetHints":{"allow":["GET"]}}],"collection":[{"href":"https:\/\/linitiative.ca\/International\/wp-json\/wp\/v2\/posts"}],"about":[{"href":"https:\/\/linitiative.ca\/International\/wp-json\/wp\/v2\/types\/post"}],"author":[{"embeddable":true,"href":"https:\/\/linitiative.ca\/International\/wp-json\/wp\/v2\/users\/1965"}],"replies":[{"embeddable":true,"href":"https:\/\/linitiative.ca\/International\/wp-json\/wp\/v2\/comments?post=48774"}],"version-history":[{"count":0,"href":"https:\/\/linitiative.ca\/International\/wp-json\/wp\/v2\/posts\/48774\/revisions"}],"wp:attachment":[{"href":"https:\/\/linitiative.ca\/International\/wp-json\/wp\/v2\/media?parent=48774"}],"wp:term":[{"taxonomy":"category","embeddable":true,"href":"https:\/\/linitiative.ca\/International\/wp-json\/wp\/v2\/categories?post=48774"},{"taxonomy":"post_tag","embeddable":true,"href":"https:\/\/linitiative.ca\/International\/wp-json\/wp\/v2\/tags?post=48774"}],"curies":[{"name":"wp","href":"https:\/\/api.w.org\/{rel}","templated":true}]}}