{"id":48775,"date":"2019-07-26T14:18:03","date_gmt":"2019-07-26T18:18:03","guid":{"rendered":"https:\/\/linitiative.ca\/International\/la-police-ivoirienne-prend-le-controle-des-locaux-de-la-mutuelle-des-enseignants\/"},"modified":"2019-07-26T14:18:03","modified_gmt":"2019-07-26T18:18:03","slug":"la-police-ivoirienne-prend-le-controle-des-locaux-de-la-mutuelle-des-enseignants","status":"publish","type":"post","link":"https:\/\/linitiative.ca\/International\/la-police-ivoirienne-prend-le-controle-des-locaux-de-la-mutuelle-des-enseignants\/","title":{"rendered":"La police ivoirienne prend le contr\u00f4le des locaux de la mutuelle des enseignants"},"content":{"rendered":"<div readability=\"32\">\n<p>Publi\u00e9 le 26.07.2019 \u00e0 19h18 par APA News<\/p>\n<\/div>\n<div readability=\"152\">\n<p>La police ivoirienne a pris vendredi le contr\u00f4le des locaux de la Mutuelle g\u00e9n\u00e9rale des enseignants de C\u00f4te d\u2019Ivoire (MGE-CI, ex-Mupemenet), investis par des mutualistes oppos\u00e9s \u00e0 la passation de charges de Michael Sylvestre Boko comme Pr\u00e9sident du Conseil d\u2019administration (PCA).Aux environs de 14h GMT (heure locale), des policiers en casques, ont fait irruption \u00e0 l\u2019immeuble du Mali, abritant les locaux de la MGE-CI. Au rez-de-chauss\u00e9e de cet immeuble se trouve l\u2019ambassade du Mali en C\u00f4te d\u2019Ivoire, dans la cit\u00e9 du Plateau, le Centre des Affaires d\u2019Abidjan.<\/p>\n<p>Tr\u00e8s t\u00f4t le matin, ces mutualistes avaient pris d\u2019assaut l\u2019immeuble du Mali pour emp\u00eacher la passation de pouvoir au profit de Michael Boko. La police s\u2019\u00e9tait abstenue de mener ses op\u00e9rations afin de ne pas g\u00eaner les activit\u00e9s de la repr\u00e9sentation diplomatique. \u00a0<\/p>\n<p>M. Boko n\u2019a pu \u00eatre investi car les bureaux de la mutuelle \u00e9taient ferm\u00e9s. Pour lui, les locataires ont fui avec les cl\u00e9s, \u00a0ce qui d\u00e9note de \u00ab la victoire de la l\u00e9galit\u00e9 sur la forfaiture \u00bb, toutefois le camp adverse doit comprendre qu\u2019 \u00ab on ne peut jamais demeurer dans la forfaiture \u00bb. \u00a0<\/p>\n<p>\u00ab On est venu avec un huissier. Il faut que nous soyons responsables, \u00e0 ce stade l\u00e0 ce n\u2019est pas d\u2019agir avec la force, mais c\u2019est d\u2019agir avec la mani\u00e8re et la mani\u00e8re, c\u2019est d\u2019attendre que notre huissier fasse le point et qu\u2019une ordonnance soit faite pour pouvoir ouvrir les portes \u00bb.<\/p>\n<p>Il a appel\u00e9 les employ\u00e9s de la MGE-CI (ex-Mupemenet) \u00e0 reprendre leurs postes. Car, apr\u00e8s les constats d\u2019huissiers et des magistrats, la passation va se faire. Si les cl\u00e9s ne sont pas remises, les serrures des bureaux ferm\u00e9s devraient \u00eatre chang\u00e9es.<\/p>\n<p>\u00ab A partir du moment o\u00f9 ils ont fui, \u00e7a veut dire que nous sommes install\u00e9s, maintenant c\u2019est de prendre possession des bureaux et cette proc\u00e9dure nous allons l\u2019engager la semaine \u00e0 venir \u00bb, a-t-il laiss\u00e9 entendre.<\/p>\n<p>Michael Boko a \u00e9t\u00e9 \u00e9lu Pr\u00e9sident du Conseil d\u2019administration (PCA), le 15 avril 2019 \u00e0 Yamoussoukro, en marge d\u2019une Assembl\u00e9e g\u00e9n\u00e9rale qui devrait consacrer, apr\u00e8s cinq ans, le renouvellement des instances \u00e0 savoir le Conseil d\u2019administration et le Comit\u00e9 de contr\u00f4le.<\/p>\n<p>Il \u00e9tait oppos\u00e9 \u00e0 M. Ciss\u00e9 Vacaba, PCA sortant. M. Zadi Gnagna, le troisi\u00e8me candidat a d\u00e9sist\u00e9 au profit de M. Ciss\u00e9 apr\u00e8s l\u2019\u00e9chec d\u2019un conciliabule d\u00e9gag\u00e9 pour une candidature unique. Un vote des administrateurs a donn\u00e9 neuf voix pour Boko contre six pour M. Ciss\u00e9. \u00a0<\/p>\n<p>Selon M. Boko, cette crise post-\u00e9lectorale s\u2019est install\u00e9e apr\u00e8s des SMS de M. Zadi Gnagna \u00e0 l\u2019Assembl\u00e9e, stipulant que l\u2019\u00e9lection de M. Boko est une prise des commandes par le minist\u00e8re de l\u2019\u00c9ducation nationale. Par cons\u00e9quent ils perdront \u00ab tous leurs avantages \u00bb. \u00a0Ce qui a amen\u00e9 l\u2019Assembl\u00e9e \u00e0 invalider ce vote.<\/p>\n<p>\u00ab Quand on finit d\u2019\u00e9lire le PCA, on vient leur donner l\u2019information. La souverainet\u00e9 de l\u2019Assembl\u00e9e s\u2019arr\u00eate l\u00e0 o\u00f9 elle finit d\u2019\u00e9lire les listes. Et alors, le pouvoir de l\u2019Assembl\u00e9e est donn\u00e9 au Conseil d\u2019administration qui avec ce pouvoir se retire pour \u00e9lire en son sein un PCA qui est cr\u00e9dible et qui peut porter la voix de ce Conseil \u00bb, \u00a0a fait observer M. Boko. \u00a0<\/p>\n<p>Interrog\u00e9 par APA, M. Zadi Gnagna, pr\u00e9sent au milieu des mutualistes m\u00e9contents, a expliqu\u00e9 que M. Michael Boko \u00ab s\u2019est cach\u00e9 sur la liste et a fait le couteau dans le dos \u00bb \u00e0 M. Ciss\u00e9 dont la liste, comprenant M. Boko, a \u00e9t\u00e9 approuv\u00e9e par l\u2019Assembl\u00e9e g\u00e9n\u00e9rale.<\/p>\n<p>\u00ab L\u2019Assembl\u00e9e g\u00e9n\u00e9rale a dissout donc conform\u00e9ment \u00e0 l\u2019article 42 le Conseil s\u00e9ance tenante et a \u00a0(dit) qu\u2019on pensait que vous \u00e9tiez unis, mais on vient de d\u00e9couvrir qu\u2019 il n\u2019y a pas d\u2019union \u00bb, alors il a \u00e9t\u00e9 demand\u00e9 que chacun fasse sa liste afin de reprendre les \u00e9lections, a soulign\u00e9 M. Gnagna.<\/p>\n<p>L\u2019Assembl\u00e9e a insinu\u00e9 \u00e0 Micha\u00ebl Boko qu\u2019 \u00ab au lieu de se faire \u00e9lire dans un groupe restreint de 15 personnes, alors que l\u2019Assembl\u00e9e g\u00e9n\u00e9rale c\u2019est 188 personnes, alors nous on l\u2019autorise \u00e0 faire sa liste de 15 administrateurs et \u00e0 Ciss\u00e9 de faire sa liste de 15 et vous reprenez les \u00e9lections s\u00e9ance tenante\u00bb, a-t-il d\u00e9taill\u00e9.<\/p>\n<p>Sur cette base, ajoutera M. Zadi Gnagna, \u00ab il y a eu reprise des \u00e9lections et Boko n\u2019a pas pu pr\u00e9senter une liste de 15 administrateurs \u00e0 la reprise de ces \u00e9lections, \u00a0et lui et ses parrains du minist\u00e8re ont pr\u00e9f\u00e9r\u00e9 sortir de la salle. L\u2019AG a \u00e9lu la liste de Ciss\u00e9 Vacaba \u00bb.<\/p>\n<p>Depuis le 15 avril 2019, s\u2019est tenue l\u2019Assembl\u00e9e g\u00e9n\u00e9rale de la Mutuelle g\u00e9n\u00e9rale des enseignants. Le minist\u00e8re de l\u2019Education nationale, de l\u2019enseignement technique et de la formation professionnelle a \u00e9mis un courrier en vue de la passation des charges ce vendredi.<\/p>\n<p>M. Boko \u00e9taient en compagnie, ce vendredi, de la direction des Affaires juridiques du minist\u00e8re de l\u2019Education nationale, de l\u2019enseignement technique et de la formation professionnelle qui a constat\u00e9 la fermeture des bureaux. Une proc\u00e9dure devrait \u00eatre engag\u00e9e pour l\u2019occupation l\u00e9gale des locaux.<\/p>\n<\/div>\n<p>Auteur: APA News<br \/>\n<a href=\"https:\/\/www.journalducameroun.com\/la-police-ivoirienne-prend-le-controle-des-locaux-de-la-mutuelle-des-enseignants\/\">Cliquez ici pour lire l&rsquo;article depuis sa source.<\/a><\/p>\n","protected":false},"excerpt":{"rendered":"<p>Publi\u00e9 le 26.07.2019 \u00e0 19h18 par APA News La police ivoirienne a pris vendredi le contr\u00f4le des locaux de la Mutuelle g\u00e9n\u00e9rale des enseignants de C\u00f4te d\u2019Ivoire (MGE-CI, ex-Mupemenet), investis par des mutualistes oppos\u00e9s \u00e0 la passation de charges de Michael Sylvestre Boko comme Pr\u00e9sident du Conseil d\u2019administration (PCA).Aux environs de 14h GMT (heure locale), [&hellip;]<\/p>\n","protected":false},"author":1965,"featured_media":0,"comment_status":"closed","ping_status":"closed","sticky":false,"template":"","format":"standard","meta":{"fifu_image_url":"","fifu_image_alt":"","footnotes":""},"categories":[73,82],"tags":[],"class_list":["post-48775","post","type-post","status-publish","format-standard","hentry","category-actualite","category-cameroun"],"_links":{"self":[{"href":"https:\/\/linitiative.ca\/International\/wp-json\/wp\/v2\/posts\/48775","targetHints":{"allow":["GET"]}}],"collection":[{"href":"https:\/\/linitiative.ca\/International\/wp-json\/wp\/v2\/posts"}],"about":[{"href":"https:\/\/linitiative.ca\/International\/wp-json\/wp\/v2\/types\/post"}],"author":[{"embeddable":true,"href":"https:\/\/linitiative.ca\/International\/wp-json\/wp\/v2\/users\/1965"}],"replies":[{"embeddable":true,"href":"https:\/\/linitiative.ca\/International\/wp-json\/wp\/v2\/comments?post=48775"}],"version-history":[{"count":0,"href":"https:\/\/linitiative.ca\/International\/wp-json\/wp\/v2\/posts\/48775\/revisions"}],"wp:attachment":[{"href":"https:\/\/linitiative.ca\/International\/wp-json\/wp\/v2\/media?parent=48775"}],"wp:term":[{"taxonomy":"category","embeddable":true,"href":"https:\/\/linitiative.ca\/International\/wp-json\/wp\/v2\/categories?post=48775"},{"taxonomy":"post_tag","embeddable":true,"href":"https:\/\/linitiative.ca\/International\/wp-json\/wp\/v2\/tags?post=48775"}],"curies":[{"name":"wp","href":"https:\/\/api.w.org\/{rel}","templated":true}]}}