{"id":48776,"date":"2019-07-26T14:26:54","date_gmt":"2019-07-26T18:26:54","guid":{"rendered":"https:\/\/linitiative.ca\/International\/amnesty-international-demande-la-liberation-immediate-de-maurice-kamto\/"},"modified":"2019-07-26T14:26:54","modified_gmt":"2019-07-26T18:26:54","slug":"amnesty-international-demande-la-liberation-immediate-de-maurice-kamto","status":"publish","type":"post","link":"https:\/\/linitiative.ca\/International\/amnesty-international-demande-la-liberation-immediate-de-maurice-kamto\/","title":{"rendered":"Amnesty international demande la lib\u00e9ration \u00ab imm\u00e9diate \u00bb de Maurice Kamto"},"content":{"rendered":"<div readability=\"32\">\n<p>Publi\u00e9 le 26.07.2019 \u00e0 19h26 par Journalducameroun.com<\/p>\n<\/div>\n<div readability=\"65\">\n<h2 class=\"c2\">Le pr\u00e9sident du MRC a \u00e9t\u00e9 arr\u00eat\u00e9 le 28 janvier dernier, deux jours apr\u00e8s une manifestation organis\u00e9e par son parti. Il est, depuis lors, en d\u00e9tention. Chose qui n\u2019aurait jamais d\u00fb se faire, selon Amnesty international.<\/h2>\n<p class=\"c3\">Amnesty international demande la lib\u00e9ration de Maurice Kamto, leader du Mouvement pour\u00a0 la renaissance du Camerounais et ses partisans. Lesquels, appuie l\u2019Organisation des droits de l\u2019Homme, n\u2019auraient jamais d\u00fb \u00eatre arr\u00eat\u00e9s. Une position qui n\u2019est pas partag\u00e9es par les autorit\u00e9s camerounaises qui les ont traduites devant le Tribunal militaire de Yaound\u00e9 pour des actes d\u2019insurrection, de r\u00e9bellion en groupe, hostilit\u00e9 contre la patrie, outrage au chef de l\u2019Etat\u2026<\/p>\n<p class=\"c3\">\u00ab\u00a0<em>En confirmant que les membres de l\u2019opposition seront jug\u00e9s devant un tribunal militaire, les autorit\u00e9s camerounaises bafouent le droit international. Maurice Kamto et ses partisans risquent de ne pas b\u00e9n\u00e9ficier d\u2019un proc\u00e8s \u00e9quitable et pourraient encourir la peine de mort, ce qui est une \u00e9ventualit\u00e9 profond\u00e9ment pr\u00e9occupante\u00a0\u00bb,\u00a0<\/em>d\u00e9clare Marie-\u00c9velyne Petrus Barry, directrice pour l\u2019Afrique de l\u2019Ouest et l\u2019Afrique centrale \u00e0 Amnesty International.<\/p>\n<p class=\"c3\">Au-del\u00e0 de cette situation, Ce sont les s\u00e9vices inflig\u00e9s \u00e0 Maurice Kamto et ses sympathisants qui pr\u00e9occupent Amnesty international. Se fondant sur des t\u00e9moignages d\u2019anciens d\u00e9tenus ayant b\u00e9n\u00e9fici\u00e9 de l\u2019arr\u00eat des poursuites, l\u2019ONG d\u00e9nonce des bastonnades, des exercices physiques difficiles impos\u00e9s et d\u2019autres actes de torture.<\/p>\n<p class=\"c3\">Pr\u00e8s de six mois apr\u00e8s l\u2019arrestation des militants du Mrc, d\u2019autres arrestations ont eu lieu sur le territoire au mois de juin 2019, en marge de manifestations politiques du Mrc. Amnesty international appelle \u00e0 l\u2019ouverture d\u2019une enqu\u00eate sur les all\u00e9gations d\u2019actes de torture \u00e0 l\u2019encontre de 59 membres de ce parti politique. Objectif\u00a0: parvenir \u00e0 la traduction devant les juridictions comp\u00e9tentes des auteurs de ces s\u00e9vices.<\/p>\n<\/div>\n<p>Auteur: Louise NSANA<br \/>\n<a href=\"https:\/\/www.journalducameroun.com\/amnesty-international-demande-la-liberation-immediate-de-maurice-kamto\/\">Cliquez ici pour lire l&rsquo;article depuis sa source.<\/a><\/p>\n","protected":false},"excerpt":{"rendered":"<p>Publi\u00e9 le 26.07.2019 \u00e0 19h26 par Journalducameroun.com Le pr\u00e9sident du MRC a \u00e9t\u00e9 arr\u00eat\u00e9 le 28 janvier dernier, deux jours apr\u00e8s une manifestation organis\u00e9e par son parti. Il est, depuis lors, en d\u00e9tention. Chose qui n\u2019aurait jamais d\u00fb se faire, selon Amnesty international. Amnesty international demande la lib\u00e9ration de Maurice Kamto, leader du Mouvement pour\u00a0 [&hellip;]<\/p>\n","protected":false},"author":1965,"featured_media":0,"comment_status":"closed","ping_status":"closed","sticky":false,"template":"","format":"standard","meta":{"fifu_image_url":"","fifu_image_alt":"","footnotes":""},"categories":[73,82],"tags":[],"class_list":["post-48776","post","type-post","status-publish","format-standard","hentry","category-actualite","category-cameroun"],"_links":{"self":[{"href":"https:\/\/linitiative.ca\/International\/wp-json\/wp\/v2\/posts\/48776","targetHints":{"allow":["GET"]}}],"collection":[{"href":"https:\/\/linitiative.ca\/International\/wp-json\/wp\/v2\/posts"}],"about":[{"href":"https:\/\/linitiative.ca\/International\/wp-json\/wp\/v2\/types\/post"}],"author":[{"embeddable":true,"href":"https:\/\/linitiative.ca\/International\/wp-json\/wp\/v2\/users\/1965"}],"replies":[{"embeddable":true,"href":"https:\/\/linitiative.ca\/International\/wp-json\/wp\/v2\/comments?post=48776"}],"version-history":[{"count":0,"href":"https:\/\/linitiative.ca\/International\/wp-json\/wp\/v2\/posts\/48776\/revisions"}],"wp:attachment":[{"href":"https:\/\/linitiative.ca\/International\/wp-json\/wp\/v2\/media?parent=48776"}],"wp:term":[{"taxonomy":"category","embeddable":true,"href":"https:\/\/linitiative.ca\/International\/wp-json\/wp\/v2\/categories?post=48776"},{"taxonomy":"post_tag","embeddable":true,"href":"https:\/\/linitiative.ca\/International\/wp-json\/wp\/v2\/tags?post=48776"}],"curies":[{"name":"wp","href":"https:\/\/api.w.org\/{rel}","templated":true}]}}