{"id":48777,"date":"2019-07-26T14:50:02","date_gmt":"2019-07-26T18:50:02","guid":{"rendered":"https:\/\/linitiative.ca\/International\/tour-de-france-trois-choses-a-savoir-sur-egan-bernal\/"},"modified":"2019-07-26T14:50:02","modified_gmt":"2019-07-26T18:50:02","slug":"tour-de-france-trois-choses-a-savoir-sur-egan-bernal","status":"publish","type":"post","link":"https:\/\/linitiative.ca\/International\/tour-de-france-trois-choses-a-savoir-sur-egan-bernal\/","title":{"rendered":"Tour de France: trois choses \u00e0 savoir sur\u2026 Egan Bernal"},"content":{"rendered":"<div readability=\"32\">\n<p>Publi\u00e9 le 26.07.2019 \u00e0 19h50 par AFP<\/p>\n<\/div>\n<div readability=\"96\">\n<p>D\u00e9buts, pays, caract\u00e8re\u2026 trois choses \u00e0 savoir sur Egan Bernal, nouveau maillot jaune du Tour de France:<\/p>\n<p>Il a commenc\u00e9 par le VTT<\/p>\n<p>S\u2019il a \u00e9chapp\u00e9 dans un premier temps aux recruteurs des grandes \u00e9quipes, c\u2019est parce qu\u2019il s\u2019est signal\u00e9 d\u2019abord en VTT, pas sur la route. Par deux podiums aux championnats du monde juniors de la discipline, en 2014 (argent) et 2015 (bronze).<\/p>\n<p>D\u00e8s qu\u2019il a pass\u00e9 des tests, l\u2019adolescent, qui envisageait de devenir journaliste, a balay\u00e9 les doutes li\u00e9s \u00e0 son apparence juv\u00e9nile, presque fragile. Nul n\u2019en disconvient, le Colombien, vainqueur en 2017 du Tour de l\u2019Avenir qui est l\u2019\u00e9preuve de r\u00e9f\u00e9rence de la cat\u00e9gorie espoirs, a tout du surdou\u00e9.<\/p>\n<p>Il est habitu\u00e9 \u00e0 l\u2019altitude<\/p>\n<p>L\u2019altitude est dans son ADN. Egan Bernal est n\u00e9 voici 22 ans \u00e0 Zipaquira, \u00e0 une trentaine de kilom\u00e8tres de Bogota. La ville de quelque 100.000 habitants, qui abrite un sanctuaire tr\u00e8s connu, une cath\u00e9drale sculpt\u00e9e dans des mines de sel, est situ\u00e9e \u00e0 pr\u00e8s de 2700 m\u00e8tres. Sensiblement l\u2019altitude du haut de l\u2019Iseran o\u00f9 le nouveau maillot jaune du Tour a r\u00e9alis\u00e9 sa prise de pouvoir.<\/p>\n<p>En Europe, le Colombien a v\u00e9cu en Italie puis a \u00e9lu r\u00e9sidence en Andorre (comme Julian Alaphilippe), au coeur du massif pyr\u00e9n\u00e9en. L\u00e0 encore, dans les montagnes.<\/p>\n<p>Il a conserv\u00e9 son humilit\u00e9<\/p>\n<p>\u00ab\u00a0C\u2019est une belle personne\u00a0\u00bb, raconte \u00e0 l\u2019AFP son premier mentor en Europe, l\u2019Italien Gianni Savio, qui l\u2019a laiss\u00e9 partir fin 2017, contre quelque 250.000 euros en guise de rupture de contrat, dans l\u2019\u00e9quipe Sky devenue Ineos. \u00ab\u00a0Il a gard\u00e9 l\u2019humilit\u00e9 qu\u2019il avait en arrivant dans notre \u00e9quipe (Androni), il a l\u2019\u00e9quilibre psychique d\u2019un coureur bien plus \u00e2g\u00e9\u00a0\u00bb.<\/p>\n<p>\u00ab\u00a0Quand il a gagn\u00e9 le Tour de Suisse en juin, il a d\u00e9montr\u00e9 toute son intelligence\u00a0\u00bb, poursuit Savio. \u00ab\u00a0Apr\u00e8s sa victoire, il a dit aussit\u00f4t: +je travaillerai au Tour de France pour Geraint Thomas.+ D\u2019autres auraient revendiqu\u00e9, pas lui. Ce n\u2019est qu\u2019ensuite que le manager d\u2019\u00e9quipe (Brailsford) a dit qu\u2019ils auraient deux leaders\u00a0\u00bb.<\/p>\n<\/div>\n<p>Auteur: AFP<br \/>\n<a href=\"https:\/\/www.journalducameroun.com\/tour-de-france-trois-choses-a-savoir-sur-egan-bernal\/\">Cliquez ici pour lire l&rsquo;article depuis sa source.<\/a><\/p>\n","protected":false},"excerpt":{"rendered":"<p>Publi\u00e9 le 26.07.2019 \u00e0 19h50 par AFP D\u00e9buts, pays, caract\u00e8re\u2026 trois choses \u00e0 savoir sur Egan Bernal, nouveau maillot jaune du Tour de France: Il a commenc\u00e9 par le VTT S\u2019il a \u00e9chapp\u00e9 dans un premier temps aux recruteurs des grandes \u00e9quipes, c\u2019est parce qu\u2019il s\u2019est signal\u00e9 d\u2019abord en VTT, pas sur la route. Par [&hellip;]<\/p>\n","protected":false},"author":1965,"featured_media":0,"comment_status":"closed","ping_status":"closed","sticky":false,"template":"","format":"standard","meta":{"fifu_image_url":"","fifu_image_alt":"","footnotes":""},"categories":[73,82],"tags":[],"class_list":["post-48777","post","type-post","status-publish","format-standard","hentry","category-actualite","category-cameroun"],"_links":{"self":[{"href":"https:\/\/linitiative.ca\/International\/wp-json\/wp\/v2\/posts\/48777","targetHints":{"allow":["GET"]}}],"collection":[{"href":"https:\/\/linitiative.ca\/International\/wp-json\/wp\/v2\/posts"}],"about":[{"href":"https:\/\/linitiative.ca\/International\/wp-json\/wp\/v2\/types\/post"}],"author":[{"embeddable":true,"href":"https:\/\/linitiative.ca\/International\/wp-json\/wp\/v2\/users\/1965"}],"replies":[{"embeddable":true,"href":"https:\/\/linitiative.ca\/International\/wp-json\/wp\/v2\/comments?post=48777"}],"version-history":[{"count":0,"href":"https:\/\/linitiative.ca\/International\/wp-json\/wp\/v2\/posts\/48777\/revisions"}],"wp:attachment":[{"href":"https:\/\/linitiative.ca\/International\/wp-json\/wp\/v2\/media?parent=48777"}],"wp:term":[{"taxonomy":"category","embeddable":true,"href":"https:\/\/linitiative.ca\/International\/wp-json\/wp\/v2\/categories?post=48777"},{"taxonomy":"post_tag","embeddable":true,"href":"https:\/\/linitiative.ca\/International\/wp-json\/wp\/v2\/tags?post=48777"}],"curies":[{"name":"wp","href":"https:\/\/api.w.org\/{rel}","templated":true}]}}