{"id":48778,"date":"2019-07-26T14:50:03","date_gmt":"2019-07-26T18:50:03","guid":{"rendered":"https:\/\/linitiative.ca\/International\/libye-62-corps-de-migrants-repeches-apres-le-naufrage-jeudi-au-large-de-khoms\/"},"modified":"2019-07-26T14:50:03","modified_gmt":"2019-07-26T18:50:03","slug":"libye-62-corps-de-migrants-repeches-apres-le-naufrage-jeudi-au-large-de-khoms","status":"publish","type":"post","link":"https:\/\/linitiative.ca\/International\/libye-62-corps-de-migrants-repeches-apres-le-naufrage-jeudi-au-large-de-khoms\/","title":{"rendered":"Libye: 62 corps de migrants rep\u00each\u00e9s apr\u00e8s le naufrage jeudi au large de Khoms"},"content":{"rendered":"<div readability=\"32\">\n<p>Publi\u00e9 le 26.07.2019 \u00e0 19h50 par AFP<\/p>\n<\/div>\n<div readability=\"81\">\n<p>Les secours libyens ont annonc\u00e9 vendredi avoir rep\u00each\u00e9 les corps de 62 migrants apr\u00e8s le naufrage la veille de leur embarcation au large de Khoms, ville situ\u00e9e \u00e0 120 km \u00e0 l\u2019ouest de Tripoli.<\/p>\n<p>\u00ab\u00a0Des unit\u00e9s d\u00e9pendant du Croissant Rouge libyen sont parvenues \u00e0 rep\u00eacher 62 corps de migrants\u00a0\u00bb, a dit \u00e0 l\u2019AFP Abdel Moneim Abou Sbeih, un responsable de cette organisation.<\/p>\n<p>Quelque 145 personnes ont \u00e9t\u00e9 secourues apr\u00e8s le naufrage jeudi, et 110 sont port\u00e9es disparues, selon l\u2019Organisation internationale des migrations (OIM).<\/p>\n<p>Ces chiffres demeurent cependant incertains: la marine libyenne a \u00e9voqu\u00e9 pour sa part 134 rescap\u00e9s et 115 disparus, tandis que M\u00e9decins Sans Fronti\u00e8res (MSF) en Libye a estim\u00e9, selon les r\u00e9cits recueillis aupr\u00e8s des survivants, que pr\u00e8s de 400 personnes se trouvaient \u00e0 bord du bateau.<\/p>\n<p>\u00ab\u00a0Nous allons poursuivre les op\u00e9rations pour r\u00e9cup\u00e9rer les corps rejet\u00e9s par la mer cette nuit et demain\u00a0\u00bb, a ajout\u00e9 M. Sbeih.<\/p>\n<p>A ce stade, il n\u2019est pas possible de donner un chiffre total sur le nombre des victimes, a-t-il ajout\u00e9.<\/p>\n<p>Les autorit\u00e9s locales de Khoms sont confront\u00e9es \u00e0 des difficult\u00e9s pour enterrer les corps r\u00e9cup\u00e9r\u00e9s, a d\u00e9clar\u00e9 une source dans la municipalit\u00e9 de cette ville, \u00e9voquant des \u00ab\u00a0probl\u00e8mes pour les proc\u00e9dures juridiques et pour trouver un endroit pour l\u2019enterrement\u00a0\u00bb des victimes de ce nouveau drame qualifi\u00e9 par l\u2019ONU de la \u00ab\u00a0pire\u00a0\u00bb trag\u00e9die en mer M\u00e9diterran\u00e9e cette ann\u00e9e.<\/p>\n<p>\u00ab\u00a0Je suis horrifi\u00e9 par les informations selon lesquelles environ 150 personnes seraient mortes dans un naufrage au large des c\u00f4tes de la Libye\u00a0\u00bb, a d\u00e9clar\u00e9 jeudi le secr\u00e9taire g\u00e9n\u00e9ral de l\u2019ONU Antonio Guterres.<\/p>\n<p>\u00ab\u00a0Nous avons besoin de routes s\u00fbres et l\u00e9gales pour les migrants et les r\u00e9fugi\u00e9s. Tout migrant cherchant une vie meilleure m\u00e9rite s\u00e9curit\u00e9 et dignit\u00e9\u00a0\u00bb, a-t-il ajout\u00e9 sur Twitter.<\/p>\n<p>A Bruxelles, la cheffe de la diplomatie europ\u00e9enne Federica Mogherini a affirm\u00e9 que ce naufrage \u00e9tait un \u00ab\u00a0terrible rappel\u00a0\u00bb des risques de cette travers\u00e9e et met en demeure l\u2019UE de se doter de capacit\u00e9s de sauvetage en M\u00e9diterran\u00e9e.<\/p>\n<\/div>\n<p>Auteur: AFP<br \/>\n<a href=\"https:\/\/www.journalducameroun.com\/libye-62-corps-de-migrants-repeches-apres-le-naufrage-jeudi-au-large-de-khoms\/\">Cliquez ici pour lire l&rsquo;article depuis sa source.<\/a><\/p>\n","protected":false},"excerpt":{"rendered":"<p>Publi\u00e9 le 26.07.2019 \u00e0 19h50 par AFP Les secours libyens ont annonc\u00e9 vendredi avoir rep\u00each\u00e9 les corps de 62 migrants apr\u00e8s le naufrage la veille de leur embarcation au large de Khoms, ville situ\u00e9e \u00e0 120 km \u00e0 l\u2019ouest de Tripoli. \u00ab\u00a0Des unit\u00e9s d\u00e9pendant du Croissant Rouge libyen sont parvenues \u00e0 rep\u00eacher 62 corps de [&hellip;]<\/p>\n","protected":false},"author":1965,"featured_media":0,"comment_status":"closed","ping_status":"closed","sticky":false,"template":"","format":"standard","meta":{"fifu_image_url":"","fifu_image_alt":"","footnotes":""},"categories":[73,82],"tags":[],"class_list":["post-48778","post","type-post","status-publish","format-standard","hentry","category-actualite","category-cameroun"],"_links":{"self":[{"href":"https:\/\/linitiative.ca\/International\/wp-json\/wp\/v2\/posts\/48778","targetHints":{"allow":["GET"]}}],"collection":[{"href":"https:\/\/linitiative.ca\/International\/wp-json\/wp\/v2\/posts"}],"about":[{"href":"https:\/\/linitiative.ca\/International\/wp-json\/wp\/v2\/types\/post"}],"author":[{"embeddable":true,"href":"https:\/\/linitiative.ca\/International\/wp-json\/wp\/v2\/users\/1965"}],"replies":[{"embeddable":true,"href":"https:\/\/linitiative.ca\/International\/wp-json\/wp\/v2\/comments?post=48778"}],"version-history":[{"count":0,"href":"https:\/\/linitiative.ca\/International\/wp-json\/wp\/v2\/posts\/48778\/revisions"}],"wp:attachment":[{"href":"https:\/\/linitiative.ca\/International\/wp-json\/wp\/v2\/media?parent=48778"}],"wp:term":[{"taxonomy":"category","embeddable":true,"href":"https:\/\/linitiative.ca\/International\/wp-json\/wp\/v2\/categories?post=48778"},{"taxonomy":"post_tag","embeddable":true,"href":"https:\/\/linitiative.ca\/International\/wp-json\/wp\/v2\/tags?post=48778"}],"curies":[{"name":"wp","href":"https:\/\/api.w.org\/{rel}","templated":true}]}}