{"id":48780,"date":"2019-07-26T15:50:01","date_gmt":"2019-07-26T19:50:01","guid":{"rendered":"https:\/\/linitiative.ca\/International\/en-libye-les-corps-de-62-migrants-repeches-apres-le-pire-naufrage-de-lannee\/"},"modified":"2019-07-26T15:50:01","modified_gmt":"2019-07-26T19:50:01","slug":"en-libye-les-corps-de-62-migrants-repeches-apres-le-pire-naufrage-de-lannee","status":"publish","type":"post","link":"https:\/\/linitiative.ca\/International\/en-libye-les-corps-de-62-migrants-repeches-apres-le-pire-naufrage-de-lannee\/","title":{"rendered":"En Libye, les corps de 62 migrants rep\u00each\u00e9s apr\u00e8s le \u00ab\u00a0pire\u00a0\u00bb naufrage de l\u2019ann\u00e9e"},"content":{"rendered":"<p>Les corps de 62 migrants ont \u00e9t\u00e9 rep\u00each\u00e9s vendredi en Libye apr\u00e8s le naufrage la veille de leur embarcation au large de la ville de Khoms, \u00ab\u00a0pire\u00a0\u00bb trag\u00e9die en mer M\u00e9diterran\u00e9e cette ann\u00e9e selon l\u2019ONU.<\/p>\n<p>\u00ab\u00a0Des unit\u00e9s d\u00e9pendant du Croissant Rouge libyen sont parvenues \u00e0 rep\u00eacher 62 corps de migrants\u00a0\u00bb, a dit \u00e0 l\u2019AFP Abdel Moneim Abou Sbeih, un responsable de cette organisation.<\/p>\n<p>Le nombre de migrants pr\u00e9sents \u00e0 bord de l\u2019embarcation ayant coul\u00e9 dans la nuit de mercredi \u00e0 jeudi demeure incertain, les chiffres fluctuant selon les sources.<\/p>\n<p>Selon l\u2019Organisation internationale des migrations (OIM), quelque 145 personnes ont \u00e9t\u00e9 secourues, tandis que 110 restent port\u00e9es disparues au large de la Libye, pays plong\u00e9 depuis 2011 dans le chaos avec des luttes de pouvoir et des milices qui font la loi.<\/p>\n<p>De son c\u00f4t\u00e9, la marine libyenne \u00e9voque 134 rescap\u00e9s et 115 disparus. L\u2019ONG M\u00e9decins sans Fronti\u00e8res (MSF) en Libye estime pour sa part que pr\u00e8s de 400 personnes se trouvaient \u00e0 bord du bateau.<\/p>\n<p>\u00ab\u00a0Nous allons poursuivre les op\u00e9rations pour r\u00e9cup\u00e9rer les corps rejet\u00e9s par la mer cette nuit et demain\u00a0\u00bb, a ajout\u00e9 M. Sbeih, confirmant qu\u2019il n\u2019\u00e9tait pas possible de donner un chiffre total des victimes du naufrage.<\/p>\n<p>Les autorit\u00e9s de Khoms, ville situ\u00e9e \u00e0 120 km \u00e0 l\u2019ouest de Tripoli et d\u2019o\u00f9 est partie l\u2019embarcation, font face \u00e0 des difficult\u00e9s pour enterrer les corps r\u00e9cup\u00e9r\u00e9s, a confi\u00e9 une source dans la municipalit\u00e9 de cette ville.<\/p>\n<p>Outre les \u00ab\u00a0probl\u00e8mes concernant les proc\u00e9dures juridiques\u00a0\u00bb, elles peinent \u00e0 \u00ab\u00a0trouver un endroit pour l\u2019enterrement des victimes\u00a0\u00bb de ce nouveau drame, qualifi\u00e9 par l\u2019ONU de \u00ab\u00a0pire\u00a0\u00bb trag\u00e9die en mer M\u00e9diterran\u00e9e cette ann\u00e9e.<\/p>\n<p>\u00ab\u00a0Nous avons besoin de routes s\u00fbres et l\u00e9gales pour les migrants et les r\u00e9fugi\u00e9s. Tout migrant cherchant une vie meilleure m\u00e9rite s\u00e9curit\u00e9 et dignit\u00e9\u00a0\u00bb, a appel\u00e9 sur Twitter le secr\u00e9taire g\u00e9n\u00e9ral des Nations unies, Antonio Guterres, se disant \u00ab\u00a0horrifi\u00e9\u00a0\u00bb.<\/p>\n<p>Le naufrage est un \u00ab\u00a0terrible rappel\u00a0\u00bb des risques pris par les migrants voulant quitter la Libye pour l\u2019Europe, a affirm\u00e9 vendredi la cheffe de la diplomatie europ\u00e9enne Federica Mogherini. \u00ab\u00a0Chaque vie perdue est une de trop\u00a0\u00bb, a-t-elle insist\u00e9.<\/p>\n<p>Avant ce naufrage, le Haut-Commissariat aux r\u00e9fugi\u00e9s et l\u2019OIM avaient fait \u00e9tat d\u2019au moins 426 personnes mortes depuis le d\u00e9but de l\u2019ann\u00e9e en tentant de traverser la M\u00e9diterran\u00e9e, devenue la voie maritime la plus meurtri\u00e8re au monde.<\/p>\n<p>\u2013 En \u00ab\u00a0\u00e9tat de choc\u00a0\u00bb \u2013<\/p>\n<p>D\u2019apr\u00e8s le porte-parole de la marine libyenne, le g\u00e9n\u00e9ral Ayoub Kacem, l\u2019embarcation \u00e9tait \u00ab\u00a0en bois\u00a0\u00bb et \u00ab\u00a0a fait naufrage \u00e0 moins de 5 milles marins de la c\u00f4te selon les t\u00e9moignages de rescap\u00e9s\u00a0\u00bb.<\/p>\n<p>Les migrants secourus sont pour la plupart des Erythr\u00e9ens, mais il y a parmi eux des Palestiniens et des Soudanais aussi, a-t-il dit, dans un communiqu\u00e9.<\/p>\n<p>Non loin de Khoms, une trentaine de personnes sauv\u00e9es des eaux attendent en silence, sous un abri ouvert aux quatre vents au sol b\u00e9tonn\u00e9.<\/p>\n<p>Pour la majorit\u00e9 Erythr\u00e9ens, ils ont racont\u00e9 \u00e0 l\u2019AFP le d\u00e9roul\u00e9 du drame.<\/p>\n<p>Moins de deux heures apr\u00e8s leur d\u00e9part mercredi soir, l\u2019embarcation s\u2019est remplie d\u2019eau et le moteur s\u2019est arr\u00eat\u00e9. \u00ab\u00a0Nous sommes rest\u00e9s dans l\u2019eau six \u00e0 sept heures\u00a0\u00bb, a confi\u00e9 l\u2019un des survivants, disant avoir vu pr\u00e8s de 200 personnes p\u00e9rir, \u00ab\u00a0des hommes, des femmes et des enfants.\u00a0\u00bb<\/p>\n<p>\u00ab\u00a0Un homme originaire du Soudan nous a dit avoir vu sa femme et ses enfants se noyer. Il \u00e9tait totalement d\u00e9sorient\u00e9 et restait assis l\u00e0, en \u00e9tat de choc\u00a0\u00bb, raconte de son c\u00f4t\u00e9 Anne-Cecilia Kjaer, infirmi\u00e8re pour MSF, qui s\u2019est rendue aupr\u00e8s des survivants du naufrage.<\/p>\n<p>\u00ab\u00a0Beaucoup d\u2019enfants ne savaient pas nager et m\u00eame ceux qui savaient ont succomb\u00e9 \u00e0 l\u2019\u00e9puisement\u00a0\u00bb, dit-elle.<\/p>\n<p>\u2013 \u00ab\u00a0Voyage horrible\u00a0\u00bb \u2013<\/p>\n<p>Ce naufrage a \u00e9t\u00e9 pour les victimes la derni\u00e8re \u00e9tape d\u2019un \u00ab\u00a0voyage horrible\u00a0\u00bb: avant de prendre la mer, \u00ab\u00a0ils ont travers\u00e9 le d\u00e9sert, ils ont \u00e9t\u00e9 captur\u00e9s par des trafiquants\u00a0\u00bb, a rappel\u00e9 l\u2019infirmi\u00e8re.<\/p>\n<p>Selon des chiffres de l\u2019OIM, au moins 5.200 personnes sont actuellement dans des centres de d\u00e9tention en Libye.<\/p>\n<p>En d\u00e9pit des risques que repr\u00e9sente une travers\u00e9e pour l\u2019Europe, les migrants prennent la mer, pr\u00e9f\u00e9rant tenter leur chance plut\u00f4t que de rester en Libye, o\u00f9 ils sont soumis \u00e0 des abus, extorsions et tortures, expliquent les ONG.<\/p>\n<p>S\u2019ils sont secourus en mer et ramen\u00e9s en Libye, ils sont g\u00e9n\u00e9ralement d\u2019abord accueillis par les ONG sur place qui leur offrent soins et nourriture, puis plac\u00e9s par les autorit\u00e9s libyennes dans des centres de d\u00e9tention, r\u00e9guli\u00e8rement d\u00e9crits par les ONG comme des zones de non-droit.<\/p>\n<p>\u00ab\u00a0Ils risquent de dispara\u00eetre sans laisser de trace dans un pays en guerre\u00a0\u00bb, s\u2019inqui\u00e8te Mme Kjaer.<\/p>\n<p>Malgr\u00e9 des violences persistantes depuis la chute en 2011 du r\u00e9gime de Mouammar Kadhafi, la Libye reste un important point de transit pour les migrants fuyant l\u2019instabilit\u00e9 dans d\u2019autres r\u00e9gions d\u2019Afrique et du Moyen-Orient et qui cherchent \u00e0 rejoindre l\u2019Europe.<\/p>\n<p>Auteur: AFP<br \/>\n<a href=\"https:\/\/www.journalducameroun.com\/en-libye-les-corps-de-62-migrants-repeches-apres-le-pire-naufrage-de-lannee\/\">Cliquez ici pour lire l&rsquo;article depuis sa source.<\/a><\/p>\n","protected":false},"excerpt":{"rendered":"<p>Les corps de 62 migrants ont \u00e9t\u00e9 rep\u00each\u00e9s vendredi en Libye apr\u00e8s le naufrage la veille de leur embarcation au large de la ville de Khoms, \u00ab\u00a0pire\u00a0\u00bb trag\u00e9die en mer M\u00e9diterran\u00e9e cette ann\u00e9e selon l\u2019ONU. \u00ab\u00a0Des unit\u00e9s d\u00e9pendant du Croissant Rouge libyen sont parvenues \u00e0 rep\u00eacher 62 corps de migrants\u00a0\u00bb, a dit \u00e0 l\u2019AFP Abdel [&hellip;]<\/p>\n","protected":false},"author":1965,"featured_media":0,"comment_status":"closed","ping_status":"closed","sticky":false,"template":"","format":"standard","meta":{"fifu_image_url":"","fifu_image_alt":"","footnotes":""},"categories":[73,82],"tags":[],"class_list":["post-48780","post","type-post","status-publish","format-standard","hentry","category-actualite","category-cameroun"],"_links":{"self":[{"href":"https:\/\/linitiative.ca\/International\/wp-json\/wp\/v2\/posts\/48780","targetHints":{"allow":["GET"]}}],"collection":[{"href":"https:\/\/linitiative.ca\/International\/wp-json\/wp\/v2\/posts"}],"about":[{"href":"https:\/\/linitiative.ca\/International\/wp-json\/wp\/v2\/types\/post"}],"author":[{"embeddable":true,"href":"https:\/\/linitiative.ca\/International\/wp-json\/wp\/v2\/users\/1965"}],"replies":[{"embeddable":true,"href":"https:\/\/linitiative.ca\/International\/wp-json\/wp\/v2\/comments?post=48780"}],"version-history":[{"count":0,"href":"https:\/\/linitiative.ca\/International\/wp-json\/wp\/v2\/posts\/48780\/revisions"}],"wp:attachment":[{"href":"https:\/\/linitiative.ca\/International\/wp-json\/wp\/v2\/media?parent=48780"}],"wp:term":[{"taxonomy":"category","embeddable":true,"href":"https:\/\/linitiative.ca\/International\/wp-json\/wp\/v2\/categories?post=48780"},{"taxonomy":"post_tag","embeddable":true,"href":"https:\/\/linitiative.ca\/International\/wp-json\/wp\/v2\/tags?post=48780"}],"curies":[{"name":"wp","href":"https:\/\/api.w.org\/{rel}","templated":true}]}}