{"id":48802,"date":"2019-07-26T09:58:24","date_gmt":"2019-07-26T13:58:24","guid":{"rendered":"https:\/\/linitiative.ca\/International\/filets-sociaux-la-banque-mondiale-donne-le-feu-vert-pour-le-deblocage-des-fonds\/"},"modified":"2019-07-26T09:58:24","modified_gmt":"2019-07-26T13:58:24","slug":"filets-sociaux-la-banque-mondiale-donne-le-feu-vert-pour-le-deblocage-des-fonds","status":"publish","type":"post","link":"https:\/\/linitiative.ca\/International\/filets-sociaux-la-banque-mondiale-donne-le-feu-vert-pour-le-deblocage-des-fonds\/","title":{"rendered":"Filets sociaux : la banque mondiale donne le feu vert pour le d\u00e9blocage des fonds"},"content":{"rendered":"<div class=\"featured-area featured-area-inner\"><img loading=\"lazy\" decoding=\"async\" width=\"650\" height=\"405\" src=\"https:\/\/i2.wp.com\/ecomatin.net\/wp-content\/uploads\/2019\/07\/ecomatin.net-filets-sociaux-la-banque-mondiale-donne-le-feu-vert-pour-le-deblocage-des-fonds-filets-sociaux-2.jpg?resize=650%2C405&#038;ssl=1&#038;is-pending-load=1\" class=\"attachment-jannah-image-post size-jannah-image-post wp-post-image jetpack-lazy-image\" alt=\"\" data-attachment-id=\"10200\" data-permalink=\"https:\/\/ecomatin.net\/filets-sociaux-la-banque-mondiale-donne-le-feu-vert-pour-le-deblocage-des-fonds\/filets-sociaux-2\/\" data-orig-file=\"https:\/\/i2.wp.com\/ecomatin.net\/wp-content\/uploads\/2019\/07\/ecomatin.net-filets-sociaux-la-banque-mondiale-donne-le-feu-vert-pour-le-deblocage-des-fonds-filets-sociaux-2.jpg?fit=650%2C650&#038;ssl=1\" data-orig-size=\"650,650\" data-comments-opened=\"0\" data-image-meta=\"{\"aperture\":\"0\",\"credit\":\"\",\"camera\":\"\",\"caption\":\"\",\"created_timestamp\":\"0\",\"copyright\":\"\",\"focal_length\":\"0\",\"iso\":\"0\",\"shutter_speed\":\"0\",\"title\":\"\",\"orientation\":\"0\"}\" data-image-title=\"filets sociaux 2\" data-image-description=\"\" data-medium-file=\"https:\/\/i2.wp.com\/ecomatin.net\/wp-content\/uploads\/2019\/07\/ecomatin.net-filets-sociaux-la-banque-mondiale-donne-le-feu-vert-pour-le-deblocage-des-fonds-filets-sociaux-2.jpg?fit=300%2C300&#038;ssl=1\" data-large-file=\"https:\/\/i2.wp.com\/ecomatin.net\/wp-content\/uploads\/2019\/07\/ecomatin.net-filets-sociaux-la-banque-mondiale-donne-le-feu-vert-pour-le-deblocage-des-fonds-filets-sociaux-2.jpg?fit=650%2C650&#038;ssl=1\" srcset=\"data:image\/gif;base64,R0lGODlhAQABAIAAAAAAAP\/\/\/yH5BAEAAAAALAAAAAABAAEAAAIBRAA7\"\/><\/div>\n<div class=\"entry-content entry clearfix\" readability=\"68\">\n<p>La Banque mondiale vient de \u00ab <em>donner le feu vert au gouvernement camerounais, pour l\u2019utilisation des fonds octroy\u00e9s dans le cadre de la mise en \u0153uvre du projet filet sociaux<\/em> \u00bb inscrit pour lutter contre l\u2019extr\u00eame pauvret\u00e9 au Cameroun, apprend-on dans le quotidien national.<\/p>\n<p>En effet, le d\u00e9marrage de la seconde phase de ce projet qui s\u2019\u00e9tend sur la p\u00e9riode <strong>2019-2022<\/strong> devrait \u00eatre intensifi\u00e9 dans les prochains jours. D\u2019apr\u00e8s les r\u00e9solutions de la session du comit\u00e9 de pilotage tenue le 23 juillet dernier \u00e0 Yaound\u00e9, <strong>202 000 m\u00e9nages<\/strong> b\u00e9n\u00e9ficieront de cet appui au cours de la p\u00e9riode susmentionn\u00e9e.<\/p>\n<p>De mani\u00e8re sp\u00e9cifique, les 60 milliards dont le d\u00e9caissement est imminent, seront destin\u00e9s \u00e0 accro\u00eetre la productivit\u00e9 de personnes vuln\u00e9rables (vuln\u00e9rabilit\u00e9 physique, mon\u00e9taire, psychologique) et communaut\u00e9s h\u00f4tes \u00e0 travers des transferts mon\u00e9taires, et \u00e0 faciliter l\u2019acc\u00e8s aux travaux \u00e0 Haute intensit\u00e9 de main d\u2019\u0153uvre. La d\u00e9marche consistera \u00e0 donner \u00e0 chaque m\u00e9nage <strong>20 000 FCFA<\/strong> tous les mois et 60 000 FCFA chaque ann\u00e9e, pour engager une activit\u00e9 g\u00e9n\u00e9ratrice de revenus.<\/p>\n<p>Toutes les dix r\u00e9gions du pays sont concern\u00e9es mais les r\u00e9gions de l\u2019Extr\u00eame-Nord, du Nord, de l\u2019Adamaoua et de l\u2019Est, auront une attention particuli\u00e8re au regard du nombre important de r\u00e9fugi\u00e9s et d\u00e9plac\u00e9s internes qu\u2019elles regorgent. Ceci afin d\u2019att\u00e9nuer les effets n\u00e9fastes des troubles sociaux enregistr\u00e9s dans les r\u00e9gions en crise.\u00a0 Toutefois, les r\u00e9gions du Sud, Nord-Ouest et Sud-Ouest ne seront pas en reste d\u2019apr\u00e8s <strong>Pierre Nguetse<\/strong>, consultant associ\u00e9 \u00e0 l\u2019unit\u00e9 de gestion du projet.<\/p>\n<p>Rappelons que le projet filets sociaux a \u00e9t\u00e9 impl\u00e9ment\u00e9 depuis 2013 et a touch\u00e9 plus de 82 000 m\u00e9nages pour la p\u00e9riode 2016 \u00e0 ce jour.<\/p>\n<div class=\"about-author about-author-box container-wrapper\">\n<div class=\"author-avatar\">\n<p><img decoding=\"async\" src=\"http:\/\/\" alt=\"\"\/><\/p>\n<\/div>\n<p><h4>La R\u00e9daction EcoMatin<\/h4>\n<\/p>\n<\/div>\n<div class=\"awac-wrapper awac widget blog_subscription-2\">\n<h4 class=\"widget-title\">Abonnez-vous \u00e0 notre lettre d&rsquo;information<\/h4>\n<\/div>\n<\/div>\n<div class=\"toggle-post-content clearfix\"><a id=\"toggle-post-button\" class=\"button\" href=\"#\">Afficher plus <\/a><\/div>\n<p>Auteur: EcoMatin<br \/>\n<a href=\"https:\/\/ecomatin.net\/filets-sociaux-la-banque-mondiale-donne-le-feu-vert-pour-le-deblocage-des-fonds\/\">Cliquez ici pour lire l&rsquo;article depuis sa source.<\/a><\/p>\n","protected":false},"excerpt":{"rendered":"<p>La Banque mondiale vient de \u00ab donner le feu vert au gouvernement camerounais, pour l\u2019utilisation des fonds octroy\u00e9s dans le cadre de la mise en \u0153uvre du projet filet sociaux \u00bb inscrit pour lutter contre l\u2019extr\u00eame pauvret\u00e9 au Cameroun, apprend-on dans le quotidien national. En effet, le d\u00e9marrage de la seconde phase de ce projet [&hellip;]<\/p>\n","protected":false},"author":1969,"featured_media":0,"comment_status":"closed","ping_status":"closed","sticky":false,"template":"","format":"standard","meta":{"fifu_image_url":"","fifu_image_alt":"","footnotes":""},"categories":[82,78],"tags":[],"class_list":["post-48802","post","type-post","status-publish","format-standard","hentry","category-cameroun","category-economie"],"_links":{"self":[{"href":"https:\/\/linitiative.ca\/International\/wp-json\/wp\/v2\/posts\/48802","targetHints":{"allow":["GET"]}}],"collection":[{"href":"https:\/\/linitiative.ca\/International\/wp-json\/wp\/v2\/posts"}],"about":[{"href":"https:\/\/linitiative.ca\/International\/wp-json\/wp\/v2\/types\/post"}],"author":[{"embeddable":true,"href":"https:\/\/linitiative.ca\/International\/wp-json\/wp\/v2\/users\/1969"}],"replies":[{"embeddable":true,"href":"https:\/\/linitiative.ca\/International\/wp-json\/wp\/v2\/comments?post=48802"}],"version-history":[{"count":0,"href":"https:\/\/linitiative.ca\/International\/wp-json\/wp\/v2\/posts\/48802\/revisions"}],"wp:attachment":[{"href":"https:\/\/linitiative.ca\/International\/wp-json\/wp\/v2\/media?parent=48802"}],"wp:term":[{"taxonomy":"category","embeddable":true,"href":"https:\/\/linitiative.ca\/International\/wp-json\/wp\/v2\/categories?post=48802"},{"taxonomy":"post_tag","embeddable":true,"href":"https:\/\/linitiative.ca\/International\/wp-json\/wp\/v2\/tags?post=48802"}],"curies":[{"name":"wp","href":"https:\/\/api.w.org\/{rel}","templated":true}]}}