{"id":48804,"date":"2019-07-26T13:21:30","date_gmt":"2019-07-26T17:21:30","guid":{"rendered":"https:\/\/linitiative.ca\/International\/cemac-les-previsions-de-croissance-pour-2019-revues-a-la-baisse\/"},"modified":"2019-07-26T13:21:30","modified_gmt":"2019-07-26T17:21:30","slug":"cemac-les-previsions-de-croissance-pour-2019-revues-a-la-baisse","status":"publish","type":"post","link":"https:\/\/linitiative.ca\/International\/cemac-les-previsions-de-croissance-pour-2019-revues-a-la-baisse\/","title":{"rendered":"Cemac : les pr\u00e9visions de croissance pour 2019 revues \u00e0 la baisse"},"content":{"rendered":"<p>Le <strong>Comit\u00e9 de politique mon\u00e9taire de la Banque des \u00c9tats de l\u2019Afrique centrale<\/strong> (<strong>Beac<\/strong>) a tenu une r\u00e9union le 24 juillet \u00e0 Ndjamena, capitale du Tchad, pour plancher, entre autres, sur des perspectives \u00e9conomiques de la sous-r\u00e9gion Cemac (Cameroun Centrafrique, Congo, Gabon, Guin\u00e9e \u00e9quatoriale et Tchad) en 2019.\u00a0<em>\u00ab\u2009En 2019, l\u2019activit\u00e9 \u00e9conomique des pays membres continuera de se relancer, bien qu\u2019\u00e0 un rythme l\u00e9g\u00e8rement plus mod\u00e9r\u00e9 que celui signal\u00e9 en d\u00e9but d\u2019ann\u00e9e\u2009\u00bb,<\/em>\u00a0indique le communiqu\u00e9 final sign\u00e9 d\u2019<strong>Abbas Mahamat Tolli<\/strong>, gouverneur de la Beac. Ainsi, indique le document, il est pr\u00e9vu pour l\u2019exercice en cours, un taux de croissance de\u00a0<strong>3%<\/strong>au lieu de\u00a0<strong>3,2%<\/strong>\u00a0comme initialement pr\u00e9vu.<\/p>\n<p>La banque centrale entrevoit par ailleurs une remont\u00e9e des tensions inflationnistes avec un taux d\u2019inflation \u00e0\u00a0<strong>2,5%,<\/strong>\u00a0contre\u00a0<strong>2,1%<\/strong>\u00a0en 2018. En plus, la Beac pr\u00e9voit une aggravation du d\u00e9ficit courant. Il devra passer de\u00a0<strong>3,4%<\/strong>\u00a0du PIB en 2018 \u00e0\u00a0<strong>6,1%<\/strong>\u00a0cette ann\u00e9e. Selon la banque centrale, cette d\u00e9gradation de la balance courante de la Cemac est principalement due \u00e0 la hausse des importations du secteur p\u00e9trolier.<\/p>\n<p>Il y a n\u00e9anmoins de bonnes nouvelles. La\u00a0<strong>Beac<\/strong>\u00a0pr\u00e9voit, par exemple, une remont\u00e9e de l\u2019exc\u00e9dent du solde budg\u00e9taire base engagements de la Cemac \u00e0\u00a0<strong>0,4%<\/strong>\u00a0du PIB en 2019, contre\u00a0<strong>0,1%<\/strong>\u00a0du PIB en 2018. La banque centrale annonce \u00e9galement l\u2019expansion de la masse mon\u00e9taire de\u00a0<strong>8,2%<\/strong>\u00a0pour un taux de couverture ext\u00e9rieure de la monnaie qui se situerait autour de\u00a0<strong>68,6%<\/strong>\u00a0en 2019, contre<strong>61,4%<\/strong>\u00a0en 2018.<\/p>\n<div class=\"about-author about-author-box container-wrapper\">\n<div class=\"author-avatar\">\n<p><img decoding=\"async\" src=\"http:\/\/\" alt=\"\"\/><\/p>\n<\/div>\n<p><h4>La R\u00e9daction EcoMatin<\/h4>\n<\/p>\n<\/div>\n<div class=\"awac-wrapper awac widget blog_subscription-2\">\n<h4 class=\"widget-title\">Abonnez-vous \u00e0 notre lettre d&rsquo;information<\/h4>\n<\/div>\n<p>Auteur: EcoMatin<br \/>\n<a href=\"https:\/\/ecomatin.net\/zone-cemac-les-previsions-de-croissance-pour-2019-revues-a-la-baisse\/\">Cliquez ici pour lire l&rsquo;article depuis sa source.<\/a><\/p>\n","protected":false},"excerpt":{"rendered":"<p>Le Comit\u00e9 de politique mon\u00e9taire de la Banque des \u00c9tats de l\u2019Afrique centrale (Beac) a tenu une r\u00e9union le 24 juillet \u00e0 Ndjamena, capitale du Tchad, pour plancher, entre autres, sur des perspectives \u00e9conomiques de la sous-r\u00e9gion Cemac (Cameroun Centrafrique, Congo, Gabon, Guin\u00e9e \u00e9quatoriale et Tchad) en 2019.\u00a0\u00ab\u2009En 2019, l\u2019activit\u00e9 \u00e9conomique des pays membres continuera [&hellip;]<\/p>\n","protected":false},"author":1969,"featured_media":0,"comment_status":"closed","ping_status":"closed","sticky":false,"template":"","format":"standard","meta":{"fifu_image_url":"","fifu_image_alt":"","footnotes":""},"categories":[82,78],"tags":[],"class_list":["post-48804","post","type-post","status-publish","format-standard","hentry","category-cameroun","category-economie"],"_links":{"self":[{"href":"https:\/\/linitiative.ca\/International\/wp-json\/wp\/v2\/posts\/48804","targetHints":{"allow":["GET"]}}],"collection":[{"href":"https:\/\/linitiative.ca\/International\/wp-json\/wp\/v2\/posts"}],"about":[{"href":"https:\/\/linitiative.ca\/International\/wp-json\/wp\/v2\/types\/post"}],"author":[{"embeddable":true,"href":"https:\/\/linitiative.ca\/International\/wp-json\/wp\/v2\/users\/1969"}],"replies":[{"embeddable":true,"href":"https:\/\/linitiative.ca\/International\/wp-json\/wp\/v2\/comments?post=48804"}],"version-history":[{"count":0,"href":"https:\/\/linitiative.ca\/International\/wp-json\/wp\/v2\/posts\/48804\/revisions"}],"wp:attachment":[{"href":"https:\/\/linitiative.ca\/International\/wp-json\/wp\/v2\/media?parent=48804"}],"wp:term":[{"taxonomy":"category","embeddable":true,"href":"https:\/\/linitiative.ca\/International\/wp-json\/wp\/v2\/categories?post=48804"},{"taxonomy":"post_tag","embeddable":true,"href":"https:\/\/linitiative.ca\/International\/wp-json\/wp\/v2\/tags?post=48804"}],"curies":[{"name":"wp","href":"https:\/\/api.w.org\/{rel}","templated":true}]}}