{"id":48805,"date":"2019-07-26T14:13:22","date_gmt":"2019-07-26T18:13:22","guid":{"rendered":"https:\/\/linitiative.ca\/International\/communaute-urbaine-de-douala-faible-mobilisation-des-recettes-propres\/"},"modified":"2019-07-26T14:13:22","modified_gmt":"2019-07-26T18:13:22","slug":"communaute-urbaine-de-douala-faible-mobilisation-des-recettes-propres","status":"publish","type":"post","link":"https:\/\/linitiative.ca\/International\/communaute-urbaine-de-douala-faible-mobilisation-des-recettes-propres\/","title":{"rendered":"Communaut\u00e9 urbaine de Douala : faible mobilisation des recettes propres"},"content":{"rendered":"<p>Apr\u00e8s la visite, le 17 juillet 2019, des chantiers en cours de r\u00e9alisation dans la ville de Douala, par les grands conseillers de la <strong>Communaut\u00e9 urbaine de Douala<\/strong> (Cud), le conseil communautaire a examin\u00e9 et \u00e9valu\u00e9 le budget 2019 de la Communaut\u00e9 urbaine de Douala au 30 juin 2019. La session ordinaire \u00e9tait pr\u00e9sid\u00e9e par le <strong>Dr. Fritz Ntone Ntone<\/strong>, le d\u00e9l\u00e9gu\u00e9 du gouvernement aupr\u00e8s de la Communaut\u00e9 urbaine de Douala, sous la tutelle de <strong>Joseph Mache Njouonwet<\/strong>, le pr\u00e9fet du Wouri.<\/p>\n<p>A mi-parcours, le budget de la CUD affiche un taux de r\u00e9alisation budg\u00e9taire de <strong>34%<\/strong>. Les recettes \u00e9mises sont de l\u2019ordre de <strong>17.077.101.084 de FCFA<\/strong>. Il en ressort une nette hausse par rapport au 30 juin 2018, dont les recettes affichaient une r\u00e9alisation de <strong>16.000.000.000 de FCFA<\/strong>. Pourtant, d\u2019apr\u00e8s le receveur municipal de la Cud, \u00ab<em>le montant des recettes propres reste tr\u00e8s faible<\/em>\u00bb. Elles constituent <strong>8,35%<\/strong> du montant total des recettes \u00e9mises au 30 juin 2019. <strong>0,6%<\/strong> pour les autres recettes et <strong>91,5%<\/strong> pour les recettes fiscales. Les d\u00e9penses engag\u00e9es au 30 juin 2019 se fixent \u00e0 hauteur de <strong>13.121.894.969 de FCFA<\/strong>, soit un taux d\u2019engagement de <strong>40%<\/strong>, \u00e9quivalent \u00e0 <strong>1490 dossiers<\/strong> mandat\u00e9s.<\/p>\n<p>Si l\u2019organe d\u00e9lib\u00e9rant de la Cud se r\u00e9jouit d\u2019une \u00ab<em>am\u00e9lioration des r\u00e9sultats budg\u00e9taires par rapport \u00e0 l\u2019exercice 2018<\/em>\u00bb, les grands conseillers d\u00e9plorent toutefois \u00ab<em>la faiblesse de recouvrement des recettes propres, l\u2019importante enveloppe des restes \u00e0 recouvrer, la faiblesse des investissements sur le fonctionnement, et le ralentissement des chantiers<\/em>\u00bb. Quant au pr\u00e9fet du Wouri, \u00ab<em>il recommande une lutte contre l\u2019anarchie dans les \u00e9quipements marchands, la discipline au sein de la police municipale, la lutte contre les immeubles et constructions \u00e0 risque<\/em>\u00bb. Tout en d\u00e9plorant \u00e0 son tour, \u00ab<em>la faible mobilisation des recettes propres<\/em>\u00bb, qu\u2019il qualifie \u00ab<em>d\u2019end\u00e9mique<\/em>\u00bb, \u00ab<em>les d\u00e9penses de fonctionnement \u00e9lev\u00e9es<\/em>\u00bb, et \u00ab<em>le d\u00e9sordre et l\u2019incivisme urbain<\/em>\u00bb dans le d\u00e9partement du Wouri.<\/p>\n<p>Initialement vot\u00e9 en recettes et en d\u00e9penses \u00e0 la somme de <strong>49.900.000.000 de FCFA<\/strong>, le budget de la CUD a \u00e9t\u00e9 port\u00e9 au 30 juin 2019, \u00e0 un montant de <strong>52.914.687.883 FCFA<\/strong>. Soit une augmentation de <strong>3.014.696.883 FCFA,<\/strong> correspondant \u00e0 6,15%. Une augmentation justifi\u00e9e par les restes \u00e0 recouvrer du compte administratif 2018 per\u00e7us, ainsi que par les subventions de la FAO affect\u00e9s \u00e0 la Cud dans le cadre du Programme \u00ab<strong>Systaldo\u00bb<\/strong> (Syst\u00e8me alimentaire de Douala). A noter, <strong>11 d\u00e9lib\u00e9rations<\/strong> ont \u00e9t\u00e9 vot\u00e9es au cours de cette session ordinaire. Dont celle portant projet d\u2019extension du chantier de construction de l\u2019h\u00f4tel Radisson de Douala. Extension qui entra\u00eenera la destruction du domicile affect\u00e9 aux d\u00e9l\u00e9gu\u00e9s du gouvernement aupr\u00e8s de la Communaut\u00e9 urbaine de Douala. Un protocole d\u2019accord y relatif est en cours d\u2019\u00e9laboration.<\/p>\n<div class=\"about-author about-author-box container-wrapper\">\n<div class=\"author-avatar\">\n<p><img decoding=\"async\" src=\"http:\/\/\" alt=\"\"\/><\/p>\n<\/div>\n<p><h4>La R\u00e9daction EcoMatin<\/h4>\n<\/p>\n<\/div>\n<div class=\"awac-wrapper awac widget blog_subscription-2\">\n<h4 class=\"widget-title\">Abonnez-vous \u00e0 notre lettre d&rsquo;information<\/h4>\n<\/div>\n<p>Auteur: EcoMatin<br \/>\n<a href=\"https:\/\/ecomatin.net\/communaute-urbaine-de-douala-faible-mobilisation-des-recettes-propres\/\">Cliquez ici pour lire l&rsquo;article depuis sa source.<\/a><\/p>\n","protected":false},"excerpt":{"rendered":"<p>Apr\u00e8s la visite, le 17 juillet 2019, des chantiers en cours de r\u00e9alisation dans la ville de Douala, par les grands conseillers de la Communaut\u00e9 urbaine de Douala (Cud), le conseil communautaire a examin\u00e9 et \u00e9valu\u00e9 le budget 2019 de la Communaut\u00e9 urbaine de Douala au 30 juin 2019. La session ordinaire \u00e9tait pr\u00e9sid\u00e9e par [&hellip;]<\/p>\n","protected":false},"author":1969,"featured_media":0,"comment_status":"closed","ping_status":"closed","sticky":false,"template":"","format":"standard","meta":{"fifu_image_url":"","fifu_image_alt":"","footnotes":""},"categories":[82,78],"tags":[],"class_list":["post-48805","post","type-post","status-publish","format-standard","hentry","category-cameroun","category-economie"],"_links":{"self":[{"href":"https:\/\/linitiative.ca\/International\/wp-json\/wp\/v2\/posts\/48805","targetHints":{"allow":["GET"]}}],"collection":[{"href":"https:\/\/linitiative.ca\/International\/wp-json\/wp\/v2\/posts"}],"about":[{"href":"https:\/\/linitiative.ca\/International\/wp-json\/wp\/v2\/types\/post"}],"author":[{"embeddable":true,"href":"https:\/\/linitiative.ca\/International\/wp-json\/wp\/v2\/users\/1969"}],"replies":[{"embeddable":true,"href":"https:\/\/linitiative.ca\/International\/wp-json\/wp\/v2\/comments?post=48805"}],"version-history":[{"count":0,"href":"https:\/\/linitiative.ca\/International\/wp-json\/wp\/v2\/posts\/48805\/revisions"}],"wp:attachment":[{"href":"https:\/\/linitiative.ca\/International\/wp-json\/wp\/v2\/media?parent=48805"}],"wp:term":[{"taxonomy":"category","embeddable":true,"href":"https:\/\/linitiative.ca\/International\/wp-json\/wp\/v2\/categories?post=48805"},{"taxonomy":"post_tag","embeddable":true,"href":"https:\/\/linitiative.ca\/International\/wp-json\/wp\/v2\/tags?post=48805"}],"curies":[{"name":"wp","href":"https:\/\/api.w.org\/{rel}","templated":true}]}}