{"id":48806,"date":"2019-07-26T10:00:21","date_gmt":"2019-07-26T14:00:21","guid":{"rendered":"https:\/\/linitiative.ca\/International\/les-vieux-chums-de-claude-gagnon-en-tournage-au-maroc\/"},"modified":"2019-07-26T10:00:21","modified_gmt":"2019-07-26T14:00:21","slug":"les-vieux-chums-de-claude-gagnon-en-tournage-au-maroc","status":"publish","type":"post","link":"https:\/\/linitiative.ca\/International\/les-vieux-chums-de-claude-gagnon-en-tournage-au-maroc\/","title":{"rendered":"\u00abLes Vieux Chums\u00bb de Claude Gagnon en tournage au Maroc"},"content":{"rendered":"<p><img decoding=\"async\" class=\"post_layout_5_img\" src=\"http:\/\/aujourdhui.ma\/wp-content\/uploads\/2019\/07\/Film-hassan-el-fad-Les-Vieux-Chums.jpg?x29840\" alt=\"\u00abLes Vieux Chums\u00bb de Claude Gagnon en tournage au Maroc\"\/><\/p>\n<p class=\"p1\"><span class=\"c5\"><strong><span class=\"s1 c4\"><em>La fiction canadienne mettra en vedette Hassan El Fad et Houda Rihani<\/em><\/span><\/strong><\/span> <span id=\"more-315914\"\/><\/p>\n<div class=\"base-box mom_box_sc_custom mom_box_sc clear c6\" readability=\"10\">\n<p class=\"p1\"><strong><span class=\"s1\"><em>\u00abIl s\u2019agit d\u2019un film o\u00f9 la mort est pr\u00e9sente, mais c\u2019est un film tr\u00e8s serein, lumineux et avec beaucoup d\u2019humour. Ce qui se passe se fait dans un climat tr\u00e8s positif\u00bb.<\/em><\/span><\/strong><\/p>\n<\/div>\n<p class=\"p1\">La production canadienne \u00abLes Vieux Chums\u00bb de Claude Gagnon est actuellement en plein tournage au Maroc, indique l\u2019agence de production \u00abObjectif 9\u00bb. Cette fiction a \u00e9t\u00e9 tourn\u00e9e \u00e9galement au Qu\u00e9bec en juin 2019, tandis que le tournage au Maroc a d\u00e9but\u00e9 \u00e0 Imsouane le 22 juillet et prendra fin le 27 juillet. En effet, la premi\u00e8re capsule de ce film a \u00e9t\u00e9 tourn\u00e9e selon le r\u00e9alisateur, avec les trois com\u00e9diens principaux. <em>\u00abLes trois premi\u00e8res sc\u00e8nes ont r\u00e9uni les personnages principaux Patrick Labb\u00e9, Paul Doucet et Hassan El Fad.<\/em><\/p>\n<p class=\"p1\"><em>Avec cette \u00e9quipe mixte de Qu\u00e9b\u00e9cois et de Marocains, tout s\u2019est tr\u00e8s bien d\u00e9roul\u00e9 et nous avons eu de superbes sc\u00e8nes au Maroc\u00bb,<\/em> explique le r\u00e9alisateur via une vid\u00e9o post\u00e9e sur sa page Facebook. En plus des com\u00e9diens cit\u00e9s, le cin\u00e9aste a recrut\u00e9 pour son film d\u2019autres vedettes \u00e0 l\u2019instar de l\u2019actrice marocaine Houda Rihani, Pierre Curzi, Marie-Pier Labrecque, Natasha Kanap\u00e9 Fontaine, Genevi\u00e8ve Rochette, Marie-H\u00e9l\u00e8ne Thibault, Emmanuel Auger et Luc Proulx.<\/p>\n<p><a href=\"http:\/\/aujourdhui.ma\/wp-content\/uploads\/2019\/07\/Les-Vieux-Chums-hassan-fad-Film-.jpg?x29840\"><img loading=\"lazy\" decoding=\"async\" class=\"size-full wp-image-315919 aligncenter\" src=\"http:\/\/aujourdhui.ma\/wp-content\/uploads\/2019\/07\/Les-Vieux-Chums-hassan-fad-Film-.jpg?x29840\" alt=\"\" width=\"746\" height=\"380\" srcset=\"http:\/\/aujourdhui.ma\/wp-content\/uploads\/2019\/07\/Les-Vieux-Chums-hassan-fad-Film-.jpg 746w, http:\/\/aujourdhui.ma\/wp-content\/uploads\/2019\/07\/Les-Vieux-Chums-hassan-fad-Film--300x153.jpg 300w\" sizes=\"auto, (max-width: 746px) 100vw, 746px\"\/><\/a><\/p>\n<p class=\"p1\">D\u2019ailleurs, il raconte \u00e0 travers son film l\u2019histoire de Pierrot, 50 ans, qui apr\u00e8s 10 ans pass\u00e9s au Maroc sera confront\u00e9 pr\u00e9matur\u00e9ment \u00e0 une maladie en phase terminale et reviendra dans sa ville natale pour fermer les livres et solliciter l\u2019aide de Jacques, son ami d\u2019enfance, pour bien finir ses jours<em>. \u00abIl s\u2019agit d\u2019un film o\u00f9 la mort est pr\u00e9sente, mais c\u2019est un film tr\u00e8s serein, lumineux et avec beaucoup d\u2019humour. Ce qui se passe se fait dans un climat tr\u00e8s positif\u00bb,<\/em> souligne le cin\u00e9aste \u00e0 propos de son film. Par ailleurs, \u00abLes Vieux Chums\u00bb est une production financ\u00e9e par le Conseil des arts du Canada et le Conseil des arts et des lettres du Qu\u00e9bec, avec la collaboration de l\u2019UDA, l\u2019AQTIS et la DGC.<\/p>\n<p class=\"p1\">De plus, la soci\u00e9t\u00e9 Magic Pictures du producteur Khalil Lougmani assure la production ex\u00e9cutive au Maroc, alors que la direction de production est assur\u00e9e par Naima Alaoui. Il faut noter que le r\u00e9alisateur Claude Gagnon, s\u00e9lectionn\u00e9 \u00e0 quatre reprises au Festival international de Berlin, a re\u00e7u la Bourse de Carri\u00e8re Michel Brault du Conseil des arts et des lettres du Qu\u00e9bec en 2014. Il est le seul Qu\u00e9b\u00e9cois et Canadien r\u00e9cipiendaire du Grand Prix des Am\u00e9riques d\u00e9cern\u00e9 par le Festival des films du monde de Montr\u00e9al pour son film \u00abKenny\u00bb.<span class=\"Apple-converted-space\">\u00a0<\/span> Ses films ont \u00e9t\u00e9 vus et prim\u00e9s dans d\u2019innombrables festivals internationaux et distribu\u00e9s partout \u00e0 l\u2019\u00e9tranger au fil des ans. En 2018, il a pr\u00e9sid\u00e9 le jury du Festival international du film d\u2019Al Hoceima.<\/p>\n<p>Auteur: Siham Jadraoui<br \/>\n<a href=\"http:\/\/aujourdhui.ma\/culture\/cinema\/les-vieux-chums-de-claude-gagnon-en-tournage-au-maroc\">Cliquez ici pour lire l&rsquo;article depuis sa source.<\/a><\/p>\n","protected":false},"excerpt":{"rendered":"<p>La fiction canadienne mettra en vedette Hassan El Fad et Houda Rihani \u00abIl s\u2019agit d\u2019un film o\u00f9 la mort est pr\u00e9sente, mais c\u2019est un film tr\u00e8s serein, lumineux et avec beaucoup d\u2019humour. Ce qui se passe se fait dans un climat tr\u00e8s positif\u00bb. La production canadienne \u00abLes Vieux Chums\u00bb de Claude Gagnon est actuellement en [&hellip;]<\/p>\n","protected":false},"author":1759,"featured_media":0,"comment_status":"closed","ping_status":"closed","sticky":false,"template":"","format":"standard","meta":{"fifu_image_url":"","fifu_image_alt":"","footnotes":""},"categories":[73,54],"tags":[],"class_list":["post-48806","post","type-post","status-publish","format-standard","hentry","category-actualite","category-maroc"],"_links":{"self":[{"href":"https:\/\/linitiative.ca\/International\/wp-json\/wp\/v2\/posts\/48806","targetHints":{"allow":["GET"]}}],"collection":[{"href":"https:\/\/linitiative.ca\/International\/wp-json\/wp\/v2\/posts"}],"about":[{"href":"https:\/\/linitiative.ca\/International\/wp-json\/wp\/v2\/types\/post"}],"author":[{"embeddable":true,"href":"https:\/\/linitiative.ca\/International\/wp-json\/wp\/v2\/users\/1759"}],"replies":[{"embeddable":true,"href":"https:\/\/linitiative.ca\/International\/wp-json\/wp\/v2\/comments?post=48806"}],"version-history":[{"count":0,"href":"https:\/\/linitiative.ca\/International\/wp-json\/wp\/v2\/posts\/48806\/revisions"}],"wp:attachment":[{"href":"https:\/\/linitiative.ca\/International\/wp-json\/wp\/v2\/media?parent=48806"}],"wp:term":[{"taxonomy":"category","embeddable":true,"href":"https:\/\/linitiative.ca\/International\/wp-json\/wp\/v2\/categories?post=48806"},{"taxonomy":"post_tag","embeddable":true,"href":"https:\/\/linitiative.ca\/International\/wp-json\/wp\/v2\/tags?post=48806"}],"curies":[{"name":"wp","href":"https:\/\/api.w.org\/{rel}","templated":true}]}}