{"id":48808,"date":"2019-07-27T04:01:14","date_gmt":"2019-07-27T08:01:14","guid":{"rendered":"https:\/\/linitiative.ca\/International\/kelaat-sraghna-un-jeune-homme-meurt-electrocute-dans-un-jardin-public\/"},"modified":"2019-07-27T04:01:14","modified_gmt":"2019-07-27T08:01:14","slug":"kelaat-sraghna-un-jeune-homme-meurt-electrocute-dans-un-jardin-public","status":"publish","type":"post","link":"https:\/\/linitiative.ca\/International\/kelaat-sraghna-un-jeune-homme-meurt-electrocute-dans-un-jardin-public\/","title":{"rendered":"Kela\u00e2t Sraghna :Un jeune homme meurt \u00e9lectrocut\u00e9 dans un jardin public"},"content":{"rendered":"<header>\n<\/header>\n<div class=\"entry-content clearfix\" readability=\"49\"><img decoding=\"async\" class=\"post_layout_5_img\" src=\"http:\/\/aujourdhui.ma\/wp-content\/uploads\/2016\/03\/Cadavre-Crime-police-judiciaire.jpg?x29840\" alt=\"Kela\u00e2t Sraghna :Un jeune homme meurt \u00e9lectrocut\u00e9 dans un jardin public\"\/><\/p>\n<p class=\"p1\"><span class=\"s1\"><span class=\"c4\"><strong>Un jeune homme de vingt-deux ans a trouv\u00e9 la mort apr\u00e8s avoir \u00e9t\u00e9 \u00e9lectrocut\u00e9 dans un jardin public de Kela\u00e2t Sraghna.<\/strong><\/span><\/span> <span id=\"more-315905\"\/><\/p>\n<p class=\"p1\"><span class=\"s1\">C\u2019\u00e9tait mardi dernier quand ce jeune homme qui travaillait \u00e0 Dakhla a d\u00e9cid\u00e9 de faire un tour dans ce jardin public situ\u00e9 non loin du boulevard Mohammed V, \u00e0 Kela\u00e2t Sraghna, en compagnie de son fr\u00e8re. En conversant avec son fr\u00e8re, il s\u2019appr\u00eatait \u00e0 se tenir debout en appuyant son dos sur un poteau \u00e9lectrique. Aussit\u00f4t une charge \u00e9lectrique l\u2019envoie par terre, sans connaissance, avant de pousser le dernier soupir.<\/span><\/p>\n<p class=\"p1\"><span class=\"s1\">Suite aux instructions du parquet g\u00e9n\u00e9ral pr\u00e8s la Cour d\u2019appel de Marrakech, son cadavre a \u00e9t\u00e9 \u00e9vacu\u00e9 vers la morgue. Les \u00e9l\u00e9ments de la police judiciaire se sont d\u00e9p\u00each\u00e9s sur les lieux pour entamer une enqu\u00eate qui doit permettre de d\u00e9terminer les tenants et les aboutissants de cet accident.<\/span><\/p>\n<\/div>\n<p>Auteur: Abderrafii ALOUMLIKI<br \/>\n<a href=\"http:\/\/aujourdhui.ma\/faits-divers\/kelaat-sraghna-un-jeune-homme-meurt-electrocute-dans-un-jardin-public\">Cliquez ici pour lire l&rsquo;article depuis sa source.<\/a><\/p>\n","protected":false},"excerpt":{"rendered":"<p>Un jeune homme de vingt-deux ans a trouv\u00e9 la mort apr\u00e8s avoir \u00e9t\u00e9 \u00e9lectrocut\u00e9 dans un jardin public de Kela\u00e2t Sraghna. C\u2019\u00e9tait mardi dernier quand ce jeune homme qui travaillait \u00e0 Dakhla a d\u00e9cid\u00e9 de faire un tour dans ce jardin public situ\u00e9 non loin du boulevard Mohammed V, \u00e0 Kela\u00e2t Sraghna, en compagnie de [&hellip;]<\/p>\n","protected":false},"author":1759,"featured_media":0,"comment_status":"closed","ping_status":"closed","sticky":false,"template":"","format":"standard","meta":{"fifu_image_url":"","fifu_image_alt":"","footnotes":""},"categories":[73,54],"tags":[],"class_list":["post-48808","post","type-post","status-publish","format-standard","hentry","category-actualite","category-maroc"],"_links":{"self":[{"href":"https:\/\/linitiative.ca\/International\/wp-json\/wp\/v2\/posts\/48808","targetHints":{"allow":["GET"]}}],"collection":[{"href":"https:\/\/linitiative.ca\/International\/wp-json\/wp\/v2\/posts"}],"about":[{"href":"https:\/\/linitiative.ca\/International\/wp-json\/wp\/v2\/types\/post"}],"author":[{"embeddable":true,"href":"https:\/\/linitiative.ca\/International\/wp-json\/wp\/v2\/users\/1759"}],"replies":[{"embeddable":true,"href":"https:\/\/linitiative.ca\/International\/wp-json\/wp\/v2\/comments?post=48808"}],"version-history":[{"count":0,"href":"https:\/\/linitiative.ca\/International\/wp-json\/wp\/v2\/posts\/48808\/revisions"}],"wp:attachment":[{"href":"https:\/\/linitiative.ca\/International\/wp-json\/wp\/v2\/media?parent=48808"}],"wp:term":[{"taxonomy":"category","embeddable":true,"href":"https:\/\/linitiative.ca\/International\/wp-json\/wp\/v2\/categories?post=48808"},{"taxonomy":"post_tag","embeddable":true,"href":"https:\/\/linitiative.ca\/International\/wp-json\/wp\/v2\/tags?post=48808"}],"curies":[{"name":"wp","href":"https:\/\/api.w.org\/{rel}","templated":true}]}}