{"id":48810,"date":"2019-07-27T04:04:55","date_gmt":"2019-07-27T08:04:55","guid":{"rendered":"https:\/\/linitiative.ca\/International\/agence-urbaine-derrachidia-midelt-plusieurs-mesures-pour-accompagner-les-mre\/"},"modified":"2019-07-27T04:04:55","modified_gmt":"2019-07-27T08:04:55","slug":"agence-urbaine-derrachidia-midelt-plusieurs-mesures-pour-accompagner-les-mre","status":"publish","type":"post","link":"https:\/\/linitiative.ca\/International\/agence-urbaine-derrachidia-midelt-plusieurs-mesures-pour-accompagner-les-mre\/","title":{"rendered":"Agence urbaine d\u2019Errachidia-Midelt  : Plusieurs mesures pour accompagner les MRE"},"content":{"rendered":"<header>\n<\/header>\n<div class=\"entry-content clearfix\" readability=\"56\"><img decoding=\"async\" class=\"post_layout_5_img\" src=\"http:\/\/aujourdhui.ma\/wp-content\/uploads\/2019\/07\/midelt.jpg?x29840\" alt=\"Agence urbaine d\u2019Errachidia-Midelt : Plusieurs mesures pour accompagner les MRE\"\/><\/p>\n<p class=\"p1\"><span class=\"c4\"><strong><span class=\"s1\">L\u2019Agence urbaine d\u2019Errachidia-Midelt annonce avoir pris plusieurs mesures pratiques pour accompagner les Marocains r\u00e9sidant \u00e0 l\u2019\u00e9tranger (MRE) durant leur s\u00e9jour estival dans leur pays d\u2019origine.<\/span><\/strong><\/span><span id=\"more-315896\"\/><\/p>\n<p class=\"p1\"><span class=\"s1\">Dans un communiqu\u00e9, l\u2019agence souligne sa forte adh\u00e9sion pour la mise en \u0153uvre de mesures susceptibles d\u2019interagir avec les pr\u00e9occupations des MRE, d\u2019\u00e9tablir une communication constante avec eux et d\u2019accompagner leur s\u00e9jour estival dans leur pays d\u2019origine en application des Hautes orientations royales, les orientations gouvernementales ainsi que dans le cadre de l\u2019int\u00e9r\u00eat particulier accord\u00e9 \u00e0 cette frange de citoyens par le minist\u00e8re de l\u2019am\u00e9nagement du territoire national, de l\u2019urbanisme, de l\u2019habitat et de la politique de la ville.<\/span><\/p>\n<p class=\"p1\"><span class=\"s1\">Ces mesures concernent la participation active de l\u2019agence dans une cellule de guichet unique au sein du si\u00e8ge de la wilaya de la r\u00e9gion Dra\u00e2-Tafilalet, qui a entam\u00e9 son action depuis le 6 juin dernier et se poursuit jusqu\u2019au 15 septembre prochain. L\u2019agence urbaine indique aussi avoir cr\u00e9\u00e9 deux cellules fonctionnant comme guichet unique d\u00e9di\u00e9es aux MRE du 15 juillet au 31 ao\u00fbt prochain.<\/span><\/p>\n<p class=\"p1\"><span class=\"s1\">La premi\u00e8re a \u00e9t\u00e9 mise en place au si\u00e8ge de l\u2019Agence urbaine \u00e0 Errachidia alors que la deuxi\u00e8me a \u00e9t\u00e9 mise en place dans son annexe dans la ville de Midelt. Ces cellules auront pour missions d\u2019accueillir les MRE, leur fournir l\u2019accompagnement et le soutien n\u00e9cessaires afin de r\u00e9pondre instantan\u00e9ment \u00e0 leurs diff\u00e9rentes demandes qui rel\u00e8vent de la comp\u00e9tence de l\u2019agence et la mise en place de lignes t\u00e9l\u00e9phoniques \u00e0 la disposition des usagers de mani\u00e8re permanente et lors du week-end.<\/span><\/p>\n<\/div>\n<p>Auteur: ALM<br \/>\n<a href=\"http:\/\/aujourdhui.ma\/economie\/agence-urbaine-derrachidia-midelt-plusieurs-mesures-pour-accompagner-les-mre\">Cliquez ici pour lire l&rsquo;article depuis sa source.<\/a><\/p>\n","protected":false},"excerpt":{"rendered":"<p>L\u2019Agence urbaine d\u2019Errachidia-Midelt annonce avoir pris plusieurs mesures pratiques pour accompagner les Marocains r\u00e9sidant \u00e0 l\u2019\u00e9tranger (MRE) durant leur s\u00e9jour estival dans leur pays d\u2019origine. Dans un communiqu\u00e9, l\u2019agence souligne sa forte adh\u00e9sion pour la mise en \u0153uvre de mesures susceptibles d\u2019interagir avec les pr\u00e9occupations des MRE, d\u2019\u00e9tablir une communication constante avec eux et d\u2019accompagner [&hellip;]<\/p>\n","protected":false},"author":1759,"featured_media":0,"comment_status":"closed","ping_status":"closed","sticky":false,"template":"","format":"standard","meta":{"fifu_image_url":"","fifu_image_alt":"","footnotes":""},"categories":[73,54],"tags":[],"class_list":["post-48810","post","type-post","status-publish","format-standard","hentry","category-actualite","category-maroc"],"_links":{"self":[{"href":"https:\/\/linitiative.ca\/International\/wp-json\/wp\/v2\/posts\/48810","targetHints":{"allow":["GET"]}}],"collection":[{"href":"https:\/\/linitiative.ca\/International\/wp-json\/wp\/v2\/posts"}],"about":[{"href":"https:\/\/linitiative.ca\/International\/wp-json\/wp\/v2\/types\/post"}],"author":[{"embeddable":true,"href":"https:\/\/linitiative.ca\/International\/wp-json\/wp\/v2\/users\/1759"}],"replies":[{"embeddable":true,"href":"https:\/\/linitiative.ca\/International\/wp-json\/wp\/v2\/comments?post=48810"}],"version-history":[{"count":0,"href":"https:\/\/linitiative.ca\/International\/wp-json\/wp\/v2\/posts\/48810\/revisions"}],"wp:attachment":[{"href":"https:\/\/linitiative.ca\/International\/wp-json\/wp\/v2\/media?parent=48810"}],"wp:term":[{"taxonomy":"category","embeddable":true,"href":"https:\/\/linitiative.ca\/International\/wp-json\/wp\/v2\/categories?post=48810"},{"taxonomy":"post_tag","embeddable":true,"href":"https:\/\/linitiative.ca\/International\/wp-json\/wp\/v2\/tags?post=48810"}],"curies":[{"name":"wp","href":"https:\/\/api.w.org\/{rel}","templated":true}]}}