{"id":48814,"date":"2019-07-27T04:11:43","date_gmt":"2019-07-27T08:11:43","guid":{"rendered":"https:\/\/linitiative.ca\/International\/beni-mellal-un-pere-alcoolique-tue-son-fils-avec-une-faucille\/"},"modified":"2019-07-27T04:11:43","modified_gmt":"2019-07-27T08:11:43","slug":"beni-mellal-un-pere-alcoolique-tue-son-fils-avec-une-faucille","status":"publish","type":"post","link":"https:\/\/linitiative.ca\/International\/beni-mellal-un-pere-alcoolique-tue-son-fils-avec-une-faucille\/","title":{"rendered":"Beni Mellal : Un p\u00e8re alcoolique tue son fils avec une faucille"},"content":{"rendered":"<header>\n<\/header>\n<div class=\"entry-content clearfix\" readability=\"51\"><img decoding=\"async\" class=\"post_layout_5_img\" src=\"http:\/\/aujourdhui.ma\/wp-content\/uploads\/2019\/07\/Alcool-personne-alcoolique.jpg?x29840\" alt=\"Beni Mellal : Un p\u00e8re alcoolique tue son fils avec une faucille\"\/><\/p>\n<p class=\"p1\"><span class=\"s1 c4\"><strong>Le p\u00e8re s\u2019obstine \u00e0 rester sur la terrasse et le fils insiste pour l\u2019en d\u00e9loger. La tension monte d\u2019un cran.<\/strong><\/span> <span id=\"more-315904\"\/><\/p>\n<p class=\"p1\"><span class=\"s1\">\u00abUne personne alcoolique\u00bb, c\u2019est ainsi que d\u00e9crivent les habitants de la commune rurale d\u2019Ouled M\u2019Barek situ\u00e9e \u00e0 une dizaine de kilom\u00e8tres \u00e0 l\u2019ouest de la ville de Beni Mellal, ce p\u00e8re de famille qui vient, ce mardi 23 juillet, de mettre fin aux jours de son fils. Il s\u2019enivrait quotidiennement et n\u2019a jamais pens\u00e9 consulter un sp\u00e9cialiste pour mettre un terme \u00e0 son \u00e9thylisme. Cependant ce n\u2019\u00e9tait pas quelqu\u2019un de violent. C\u2019est du moins ce que t\u00e9moignent ses voisins. Que s\u2019est-il pass\u00e9 alors pour qu\u2019il tue son propre fils, \u00e2g\u00e9 de vingt-huit ans, qui jouissait d\u2019une bonne r\u00e9putation ?\u00a0<\/span><\/p>\n<p class=\"p1\"><span class=\"s1\">Midi vient de sonner quand ce fils remarque son p\u00e8re alcoolique qui se tient sur la terrasse de la maison en train d\u2019injurier les enfants de la r\u00e9gion qui se moquent de lui. Une sc\u00e8ne qui fait tr\u00e8s mal au fils qui lui demande de descendre et de rentrer chez lui. Mais il ne veut rien entendre. Le fils monte alors \u00e0 la terrasse pour l\u2019obliger \u00e0 descendre. Mais en vain. Le p\u00e8re s\u2019obstine \u00e0 rester sur la terrasse et le fils insiste pour l\u2019en d\u00e9loger. La tension monte d\u2019un cran. Dans un \u00e9lan de fureur le p\u00e8re saisit une faucille et donne un coup au niveau de la cuisse de son fils qui pousse un cri strident. Le sang gicle. L\u2019unique ambulance de service dans la r\u00e9gion \u00e9tait indisponible. Il a fallu deux heures pour qu\u2019un jeune homme du douar \u00e9vacue le jeune homme \u00e0 bord de sa propre voiture vers l\u2019h\u00f4pital. Malheureusement, une fois qu\u2019il y est arriv\u00e9, il a rendu l\u2019\u00e2me. Il avait perdu beaucoup de sang.<\/span><\/p>\n<\/div>\n<p>Auteur: Abderrafii ALOUMLIKI<br \/>\n<a href=\"http:\/\/aujourdhui.ma\/faits-divers\/beni-mellal-un-pere-alcoolique-tue-son-fils-avec-une-faucille\">Cliquez ici pour lire l&rsquo;article depuis sa source.<\/a><\/p>\n","protected":false},"excerpt":{"rendered":"<p>Le p\u00e8re s\u2019obstine \u00e0 rester sur la terrasse et le fils insiste pour l\u2019en d\u00e9loger. La tension monte d\u2019un cran. \u00abUne personne alcoolique\u00bb, c\u2019est ainsi que d\u00e9crivent les habitants de la commune rurale d\u2019Ouled M\u2019Barek situ\u00e9e \u00e0 une dizaine de kilom\u00e8tres \u00e0 l\u2019ouest de la ville de Beni Mellal, ce p\u00e8re de famille qui vient, [&hellip;]<\/p>\n","protected":false},"author":1759,"featured_media":0,"comment_status":"closed","ping_status":"closed","sticky":false,"template":"","format":"standard","meta":{"fifu_image_url":"","fifu_image_alt":"","footnotes":""},"categories":[73,54],"tags":[],"class_list":["post-48814","post","type-post","status-publish","format-standard","hentry","category-actualite","category-maroc"],"_links":{"self":[{"href":"https:\/\/linitiative.ca\/International\/wp-json\/wp\/v2\/posts\/48814","targetHints":{"allow":["GET"]}}],"collection":[{"href":"https:\/\/linitiative.ca\/International\/wp-json\/wp\/v2\/posts"}],"about":[{"href":"https:\/\/linitiative.ca\/International\/wp-json\/wp\/v2\/types\/post"}],"author":[{"embeddable":true,"href":"https:\/\/linitiative.ca\/International\/wp-json\/wp\/v2\/users\/1759"}],"replies":[{"embeddable":true,"href":"https:\/\/linitiative.ca\/International\/wp-json\/wp\/v2\/comments?post=48814"}],"version-history":[{"count":0,"href":"https:\/\/linitiative.ca\/International\/wp-json\/wp\/v2\/posts\/48814\/revisions"}],"wp:attachment":[{"href":"https:\/\/linitiative.ca\/International\/wp-json\/wp\/v2\/media?parent=48814"}],"wp:term":[{"taxonomy":"category","embeddable":true,"href":"https:\/\/linitiative.ca\/International\/wp-json\/wp\/v2\/categories?post=48814"},{"taxonomy":"post_tag","embeddable":true,"href":"https:\/\/linitiative.ca\/International\/wp-json\/wp\/v2\/tags?post=48814"}],"curies":[{"name":"wp","href":"https:\/\/api.w.org\/{rel}","templated":true}]}}