{"id":48815,"date":"2019-07-27T04:12:36","date_gmt":"2019-07-27T08:12:36","guid":{"rendered":"https:\/\/linitiative.ca\/International\/mohamed-dkaki-expose-ses-recentes-oeuvres-a-marrakech\/"},"modified":"2019-07-27T04:12:36","modified_gmt":"2019-07-27T08:12:36","slug":"mohamed-dkaki-expose-ses-recentes-oeuvres-a-marrakech","status":"publish","type":"post","link":"https:\/\/linitiative.ca\/International\/mohamed-dkaki-expose-ses-recentes-oeuvres-a-marrakech\/","title":{"rendered":"Mohamed Dkaki expose ses r\u00e9centes \u0153uvres \u00e0 Marrakech"},"content":{"rendered":"<header>\n<\/header>\n<div class=\"entry-content clearfix\" readability=\"39\"><img decoding=\"async\" class=\"post_layout_5_img\" src=\"http:\/\/aujourdhui.ma\/wp-content\/uploads\/2019\/07\/Mohamed-Dkaki-expose-ses-re%CC%81centes-%C5%93uvres-a%CC%80-Marrakech-.jpg?x29840\" alt=\"Mohamed Dkaki expose ses r\u00e9centes \u0153uvres \u00e0 Marrakech\"\/><\/p>\n<p class=\"p1\"><span class=\"s1\"><span class=\"c4\"><strong>L\u2019artiste marocain Mohamed Dkaki expose jusqu\u2019au 13 ao\u00fbt prochain ses r\u00e9centes \u0153uvres \u00e0 la galerie Bab Doukkala relevant de la Direction r\u00e9gionale de la culture et de la communication \u00e0 Marrakech.<\/strong><\/span><\/span><span id=\"more-315619\"\/><\/p>\n<p class=\"p1\"><span class=\"s1\">Mohamed Dkaki puise son inspiration dans les th\u00e8mes de la nature en insistant notamment sur ses dimensions environnementales et ses composantes esth\u00e9tiques selon une vision artistique la hissant en tant que philosophie de vie et quintessence existentielle. Le th\u00e8me des sites historiques tels que la Koutoubia et la Menara est aussi tr\u00e8s pr\u00e9sent dans ses \u0153uvres artistiques.<\/span><\/p>\n<\/div>\n<p>Auteur: ALM<br \/>\n<a href=\"http:\/\/aujourdhui.ma\/culture\/mohamed-dkaki-expose-ses-recentes-oeuvres-a-marrakech\">Cliquez ici pour lire l&rsquo;article depuis sa source.<\/a><\/p>\n","protected":false},"excerpt":{"rendered":"<p>L\u2019artiste marocain Mohamed Dkaki expose jusqu\u2019au 13 ao\u00fbt prochain ses r\u00e9centes \u0153uvres \u00e0 la galerie Bab Doukkala relevant de la Direction r\u00e9gionale de la culture et de la communication \u00e0 Marrakech. Mohamed Dkaki puise son inspiration dans les th\u00e8mes de la nature en insistant notamment sur ses dimensions environnementales et ses composantes esth\u00e9tiques selon une [&hellip;]<\/p>\n","protected":false},"author":1759,"featured_media":0,"comment_status":"closed","ping_status":"closed","sticky":false,"template":"","format":"standard","meta":{"fifu_image_url":"","fifu_image_alt":"","footnotes":""},"categories":[73,54],"tags":[],"class_list":["post-48815","post","type-post","status-publish","format-standard","hentry","category-actualite","category-maroc"],"_links":{"self":[{"href":"https:\/\/linitiative.ca\/International\/wp-json\/wp\/v2\/posts\/48815","targetHints":{"allow":["GET"]}}],"collection":[{"href":"https:\/\/linitiative.ca\/International\/wp-json\/wp\/v2\/posts"}],"about":[{"href":"https:\/\/linitiative.ca\/International\/wp-json\/wp\/v2\/types\/post"}],"author":[{"embeddable":true,"href":"https:\/\/linitiative.ca\/International\/wp-json\/wp\/v2\/users\/1759"}],"replies":[{"embeddable":true,"href":"https:\/\/linitiative.ca\/International\/wp-json\/wp\/v2\/comments?post=48815"}],"version-history":[{"count":0,"href":"https:\/\/linitiative.ca\/International\/wp-json\/wp\/v2\/posts\/48815\/revisions"}],"wp:attachment":[{"href":"https:\/\/linitiative.ca\/International\/wp-json\/wp\/v2\/media?parent=48815"}],"wp:term":[{"taxonomy":"category","embeddable":true,"href":"https:\/\/linitiative.ca\/International\/wp-json\/wp\/v2\/categories?post=48815"},{"taxonomy":"post_tag","embeddable":true,"href":"https:\/\/linitiative.ca\/International\/wp-json\/wp\/v2\/tags?post=48815"}],"curies":[{"name":"wp","href":"https:\/\/api.w.org\/{rel}","templated":true}]}}