{"id":48816,"date":"2019-07-27T06:00:00","date_gmt":"2019-07-27T10:00:00","guid":{"rendered":"https:\/\/linitiative.ca\/International\/exposition-sur-le-hirak-a-montreal\/"},"modified":"2019-07-27T06:00:00","modified_gmt":"2019-07-27T10:00:00","slug":"exposition-sur-le-hirak-a-montreal","status":"publish","type":"post","link":"https:\/\/linitiative.ca\/International\/exposition-sur-le-hirak-a-montreal\/","title":{"rendered":"Exposition sur le Hirak \u00e0 Montr\u00e9al"},"content":{"rendered":"<div id=\"originalText\" readability=\"40\">\n<p>Le Forum citoyen de Montr\u00e9al organise demain \u00e0 l\u2019occasion de la 22e manifestation dominicale une exposition \u00e9ph\u00e9m\u00e8re de photos sur la r\u00e9volution du 22 f\u00e9vrier. L\u2019activit\u00e9 qui se veut participative est ouverte \u00e0 tout le monde, professionnels ou pas. L\u2019id\u00e9e, selon les organisateurs, consiste \u00e0 s\u00e9lectionner deux clich\u00e9s sur la r\u00e9volution citoyenne, les imprimer avec au verso un mot sur le photographe ainsi que la date de prise de la photographie. Les clich\u00e9s seront expos\u00e9s demain lors du rassemblement hebdomadaire, place du Canada. Ceux qui ne peuvent pas \u00eatre pr\u00e9sents peuvent toujours envoyer leurs clich\u00e9s pour participer \u00e0 cette exposition \u00e9ph\u00e9m\u00e8re.\u00a0\u00a0<\/p>\n<\/div>\n<div id=\"text_core\" readability=\"40\">\n<p>Le Forum citoyen de Montr\u00e9al organise demain \u00e0 l\u2019occasion de la 22e manifestation dominicale une exposition \u00e9ph\u00e9m\u00e8re de photos sur la r\u00e9volution du 22 f\u00e9vrier. L\u2019activit\u00e9 qui se veut participative est ouverte \u00e0 tout le monde, professionnels ou pas. L\u2019id\u00e9e, selon les organisateurs, consiste \u00e0 s\u00e9lectionner deux clich\u00e9s sur la r\u00e9volution citoyenne, les imprimer avec au verso un mot sur le photographe ainsi que la date de prise de la photographie. Les clich\u00e9s seront expos\u00e9s demain lors du rassemblement hebdomadaire, place du Canada. Ceux qui ne peuvent pas \u00eatre pr\u00e9sents peuvent toujours envoyer leurs clich\u00e9s pour participer \u00e0 cette exposition \u00e9ph\u00e9m\u00e8re.\u00a0\u00a0<\/p>\n<\/div>\n<p>Auteur:<br \/>\n<a href=\"https:\/\/www.liberte-algerie.com\/radar\/exposition-sur-le-hirak-a-montreal-320776\">Cliquez ici pour lire l&rsquo;article depuis sa source.<\/a><\/p>\n","protected":false},"excerpt":{"rendered":"<p>Le Forum citoyen de Montr\u00e9al organise demain \u00e0 l\u2019occasion de la 22e manifestation dominicale une exposition \u00e9ph\u00e9m\u00e8re de photos sur la r\u00e9volution du 22 f\u00e9vrier. L\u2019activit\u00e9 qui se veut participative est ouverte \u00e0 tout le monde, professionnels ou pas. L\u2019id\u00e9e, selon les organisateurs, consiste \u00e0 s\u00e9lectionner deux clich\u00e9s sur la r\u00e9volution citoyenne, les imprimer avec [&hellip;]<\/p>\n","protected":false},"author":1742,"featured_media":0,"comment_status":"closed","ping_status":"closed","sticky":false,"template":"","format":"standard","meta":{"fifu_image_url":"","fifu_image_alt":"","footnotes":""},"categories":[73,53],"tags":[],"class_list":["post-48816","post","type-post","status-publish","format-standard","hentry","category-actualite","category-algerie"],"_links":{"self":[{"href":"https:\/\/linitiative.ca\/International\/wp-json\/wp\/v2\/posts\/48816","targetHints":{"allow":["GET"]}}],"collection":[{"href":"https:\/\/linitiative.ca\/International\/wp-json\/wp\/v2\/posts"}],"about":[{"href":"https:\/\/linitiative.ca\/International\/wp-json\/wp\/v2\/types\/post"}],"author":[{"embeddable":true,"href":"https:\/\/linitiative.ca\/International\/wp-json\/wp\/v2\/users\/1742"}],"replies":[{"embeddable":true,"href":"https:\/\/linitiative.ca\/International\/wp-json\/wp\/v2\/comments?post=48816"}],"version-history":[{"count":0,"href":"https:\/\/linitiative.ca\/International\/wp-json\/wp\/v2\/posts\/48816\/revisions"}],"wp:attachment":[{"href":"https:\/\/linitiative.ca\/International\/wp-json\/wp\/v2\/media?parent=48816"}],"wp:term":[{"taxonomy":"category","embeddable":true,"href":"https:\/\/linitiative.ca\/International\/wp-json\/wp\/v2\/categories?post=48816"},{"taxonomy":"post_tag","embeddable":true,"href":"https:\/\/linitiative.ca\/International\/wp-json\/wp\/v2\/tags?post=48816"}],"curies":[{"name":"wp","href":"https:\/\/api.w.org\/{rel}","templated":true}]}}