{"id":48817,"date":"2019-07-27T06:00:00","date_gmt":"2019-07-27T10:00:00","guid":{"rendered":"https:\/\/linitiative.ca\/International\/marzoug-touati-se-plaint-dintimidations\/"},"modified":"2019-07-27T06:00:00","modified_gmt":"2019-07-27T10:00:00","slug":"marzoug-touati-se-plaint-dintimidations","status":"publish","type":"post","link":"https:\/\/linitiative.ca\/International\/marzoug-touati-se-plaint-dintimidations\/","title":{"rendered":"Marzoug Touati se plaint d\u2019intimidations"},"content":{"rendered":"<div id=\"originalText\" readability=\"38\">\n<p>Malgr\u00e9 sa lib\u00e9ration, le blogueur Marzoug Touati n\u2019en finit pas de subir la pression des autorit\u00e9s. Le jeune activiste a \u00e9t\u00e9, une nouvelle fois, convoqu\u00e9 par la police pour s\u2019expliquer sur ses commentaires post\u00e9s sur les r\u00e9seaux sociaux. Ce n\u2019est pas la premi\u00e8re fois que Marzoug Touati est convoqu\u00e9 pour ses nombreuses publications sur les r\u00e9seaux sociaux. Le jeune blogueur a \u00e9t\u00e9 condamn\u00e9 en premi\u00e8re instance \u00e0 7 ans de prison pour \u201cintelligence avec l\u2019ennemi\u201d. Cette peine a \u00e9t\u00e9 commu\u00e9e en 2 ans de prison avec sursis par la cour de S\u00e9tif. Il avait \u00e9t\u00e9 lib\u00e9r\u00e9 en mars dernier.<\/p>\n<\/div>\n<div id=\"text_core\" readability=\"38\">\n<p>Malgr\u00e9 sa lib\u00e9ration, le blogueur Marzoug Touati n\u2019en finit pas de subir la pression des autorit\u00e9s. Le jeune activiste a \u00e9t\u00e9, une nouvelle fois, convoqu\u00e9 par la police pour s\u2019expliquer sur ses commentaires post\u00e9s sur les r\u00e9seaux sociaux. Ce n\u2019est pas la premi\u00e8re fois que Marzoug Touati est convoqu\u00e9 pour ses nombreuses publications sur les r\u00e9seaux sociaux. Le jeune blogueur a \u00e9t\u00e9 condamn\u00e9 en premi\u00e8re instance \u00e0 7 ans de prison pour \u201cintelligence avec l\u2019ennemi\u201d. Cette peine a \u00e9t\u00e9 commu\u00e9e en 2 ans de prison avec sursis par la cour de S\u00e9tif. Il avait \u00e9t\u00e9 lib\u00e9r\u00e9 en mars dernier.<\/p>\n<\/div>\n<p>Auteur:<br \/>\n<a href=\"https:\/\/www.liberte-algerie.com\/radar\/marzoug-touati-se-plaint-dintimidations-320775\">Cliquez ici pour lire l&rsquo;article depuis sa source.<\/a><\/p>\n","protected":false},"excerpt":{"rendered":"<p>Malgr\u00e9 sa lib\u00e9ration, le blogueur Marzoug Touati n\u2019en finit pas de subir la pression des autorit\u00e9s. Le jeune activiste a \u00e9t\u00e9, une nouvelle fois, convoqu\u00e9 par la police pour s\u2019expliquer sur ses commentaires post\u00e9s sur les r\u00e9seaux sociaux. Ce n\u2019est pas la premi\u00e8re fois que Marzoug Touati est convoqu\u00e9 pour ses nombreuses publications sur les [&hellip;]<\/p>\n","protected":false},"author":1742,"featured_media":0,"comment_status":"closed","ping_status":"closed","sticky":false,"template":"","format":"standard","meta":{"fifu_image_url":"","fifu_image_alt":"","footnotes":""},"categories":[73,53],"tags":[],"class_list":["post-48817","post","type-post","status-publish","format-standard","hentry","category-actualite","category-algerie"],"_links":{"self":[{"href":"https:\/\/linitiative.ca\/International\/wp-json\/wp\/v2\/posts\/48817","targetHints":{"allow":["GET"]}}],"collection":[{"href":"https:\/\/linitiative.ca\/International\/wp-json\/wp\/v2\/posts"}],"about":[{"href":"https:\/\/linitiative.ca\/International\/wp-json\/wp\/v2\/types\/post"}],"author":[{"embeddable":true,"href":"https:\/\/linitiative.ca\/International\/wp-json\/wp\/v2\/users\/1742"}],"replies":[{"embeddable":true,"href":"https:\/\/linitiative.ca\/International\/wp-json\/wp\/v2\/comments?post=48817"}],"version-history":[{"count":0,"href":"https:\/\/linitiative.ca\/International\/wp-json\/wp\/v2\/posts\/48817\/revisions"}],"wp:attachment":[{"href":"https:\/\/linitiative.ca\/International\/wp-json\/wp\/v2\/media?parent=48817"}],"wp:term":[{"taxonomy":"category","embeddable":true,"href":"https:\/\/linitiative.ca\/International\/wp-json\/wp\/v2\/categories?post=48817"},{"taxonomy":"post_tag","embeddable":true,"href":"https:\/\/linitiative.ca\/International\/wp-json\/wp\/v2\/tags?post=48817"}],"curies":[{"name":"wp","href":"https:\/\/api.w.org\/{rel}","templated":true}]}}