{"id":48819,"date":"2019-07-27T06:00:00","date_gmt":"2019-07-27T10:00:00","guid":{"rendered":"https:\/\/linitiative.ca\/International\/nouveau-record-de-chaleur-en-belgique\/"},"modified":"2019-07-27T06:00:00","modified_gmt":"2019-07-27T10:00:00","slug":"nouveau-record-de-chaleur-en-belgique","status":"publish","type":"post","link":"https:\/\/linitiative.ca\/International\/nouveau-record-de-chaleur-en-belgique\/","title":{"rendered":"Nouveau record de chaleur en Belgique"},"content":{"rendered":"<div id=\"originalText\" readability=\"53\">\n<p>Une temp\u00e9rature de 41,8\u00b0C a \u00e9t\u00e9 mesur\u00e9e jeudi \u00e0 Begijnendijk, dans le nord de la Belgique, ce qui constitue un record historique pour le pays, a annonc\u00e9, hier, le chef pr\u00e9visionniste \u00e0 l&rsquo;Institut royal m\u00e9t\u00e9orologique (IRM), David Dehenauw. \u201cNouveau record national belge: 41,8 degr\u00e9s \u00e0 Begijnendijk\u201d, a tweet\u00e9 M. Dehenauw, cit\u00e9 par des m\u00e9dias, ajoutant que ce record \u201ca \u00e9t\u00e9 observ\u00e9 jeudi\u201d. Le thermom\u00e8tre a oscill\u00e9 mercredi et jeudi autour des 40\u00b0, mais les temp\u00e9ratures devaient redescendre l\u00e9g\u00e8rement hier. \u00c0 Bruxelles-Uccle, station de r\u00e9f\u00e9rence de l&rsquo;IRM, il a fait jusqu&rsquo;\u00e0 39,7\u00b0 C jeudi, un record dans la capitale. Depuis le d\u00e9but des mesures de temp\u00e9ratures \u00e0 Uccle en 1833, il n&rsquo;a jamais fait aussi chaud. Le pr\u00e9c\u00e9dent record (36,6\u00b0 homologu\u00e9) remontait au 27 juin 1947.\u00a0<\/p>\n<\/div>\n<div id=\"text_core\" readability=\"53\">\n<p>Une temp\u00e9rature de 41,8\u00b0C a \u00e9t\u00e9 mesur\u00e9e jeudi \u00e0 Begijnendijk, dans le nord de la Belgique, ce qui constitue un record historique pour le pays, a annonc\u00e9, hier, le chef pr\u00e9visionniste \u00e0 l&rsquo;Institut royal m\u00e9t\u00e9orologique (IRM), David Dehenauw. \u201cNouveau record national belge: 41,8 degr\u00e9s \u00e0 Begijnendijk\u201d, a tweet\u00e9 M. Dehenauw, cit\u00e9 par des m\u00e9dias, ajoutant que ce record \u201ca \u00e9t\u00e9 observ\u00e9 jeudi\u201d. Le thermom\u00e8tre a oscill\u00e9 mercredi et jeudi autour des 40\u00b0, mais les temp\u00e9ratures devaient redescendre l\u00e9g\u00e8rement hier. \u00c0 Bruxelles-Uccle, station de r\u00e9f\u00e9rence de l&rsquo;IRM, il a fait jusqu&rsquo;\u00e0 39,7\u00b0 C jeudi, un record dans la capitale. Depuis le d\u00e9but des mesures de temp\u00e9ratures \u00e0 Uccle en 1833, il n&rsquo;a jamais fait aussi chaud. Le pr\u00e9c\u00e9dent record (36,6\u00b0 homologu\u00e9) remontait au 27 juin 1947.\u00a0<\/p>\n<\/div>\n<p>Auteur:<br \/>\n<a href=\"https:\/\/www.liberte-algerie.com\/radar\/nouveau-record-de-chaleur-en-belgique-320773\">Cliquez ici pour lire l&rsquo;article depuis sa source.<\/a><\/p>\n","protected":false},"excerpt":{"rendered":"<p>Une temp\u00e9rature de 41,8\u00b0C a \u00e9t\u00e9 mesur\u00e9e jeudi \u00e0 Begijnendijk, dans le nord de la Belgique, ce qui constitue un record historique pour le pays, a annonc\u00e9, hier, le chef pr\u00e9visionniste \u00e0 l&rsquo;Institut royal m\u00e9t\u00e9orologique (IRM), David Dehenauw. \u201cNouveau record national belge: 41,8 degr\u00e9s \u00e0 Begijnendijk\u201d, a tweet\u00e9 M. Dehenauw, cit\u00e9 par des m\u00e9dias, ajoutant [&hellip;]<\/p>\n","protected":false},"author":1742,"featured_media":0,"comment_status":"closed","ping_status":"closed","sticky":false,"template":"","format":"standard","meta":{"fifu_image_url":"","fifu_image_alt":"","footnotes":""},"categories":[73,53],"tags":[],"class_list":["post-48819","post","type-post","status-publish","format-standard","hentry","category-actualite","category-algerie"],"_links":{"self":[{"href":"https:\/\/linitiative.ca\/International\/wp-json\/wp\/v2\/posts\/48819","targetHints":{"allow":["GET"]}}],"collection":[{"href":"https:\/\/linitiative.ca\/International\/wp-json\/wp\/v2\/posts"}],"about":[{"href":"https:\/\/linitiative.ca\/International\/wp-json\/wp\/v2\/types\/post"}],"author":[{"embeddable":true,"href":"https:\/\/linitiative.ca\/International\/wp-json\/wp\/v2\/users\/1742"}],"replies":[{"embeddable":true,"href":"https:\/\/linitiative.ca\/International\/wp-json\/wp\/v2\/comments?post=48819"}],"version-history":[{"count":0,"href":"https:\/\/linitiative.ca\/International\/wp-json\/wp\/v2\/posts\/48819\/revisions"}],"wp:attachment":[{"href":"https:\/\/linitiative.ca\/International\/wp-json\/wp\/v2\/media?parent=48819"}],"wp:term":[{"taxonomy":"category","embeddable":true,"href":"https:\/\/linitiative.ca\/International\/wp-json\/wp\/v2\/categories?post=48819"},{"taxonomy":"post_tag","embeddable":true,"href":"https:\/\/linitiative.ca\/International\/wp-json\/wp\/v2\/tags?post=48819"}],"curies":[{"name":"wp","href":"https:\/\/api.w.org\/{rel}","templated":true}]}}