{"id":48820,"date":"2019-07-27T06:00:00","date_gmt":"2019-07-27T10:00:00","guid":{"rendered":"https:\/\/linitiative.ca\/International\/de-la-can-2019-avec-la-var-on-ne-peut-que-rendre-justice\/"},"modified":"2019-07-27T06:00:00","modified_gmt":"2019-07-27T10:00:00","slug":"de-la-can-2019-avec-la-var-on-ne-peut-que-rendre-justice","status":"publish","type":"post","link":"https:\/\/linitiative.ca\/International\/de-la-can-2019-avec-la-var-on-ne-peut-que-rendre-justice\/","title":{"rendered":"DE LA CAN-2019 \u201cAvec la VAR, on ne peut  que rendre justice\u201d"},"content":{"rendered":"<div id=\"originalText\" readability=\"47\">\n<p>Apr\u00e8s la sortie de l\u2019arbitre camerounais Alioum-Alioum \u00e0 propos de la pol\u00e9mique sur l\u2019annulation du penalty siffl\u00e9 pour le compte du S\u00e9n\u00e9gal contre l\u2019Alg\u00e9rie lors de la finale de la Coupe d\u2019Afrique des nations (CAN-2019), c\u2019est au tour du pr\u00e9sident de la Conf\u00e9d\u00e9ration africaine de football (CAF), Ahmad Ahmad, d\u2019enterrer d\u00e9finitivement les soup\u00e7ons. \u201cAvant la CAN, seuls quatre arbitres africains \u00e9taient aptes \u00e0 faire usage de l\u2019assistance vid\u00e9o. Aujourd\u2019hui, ils sont seize. Mieux, deux arbitres europ\u00e9ens nous ont assist\u00e9s durant cette CAN. Lors de la finale, le grand patron de l\u2019arbitrage \u00e0 la Fifa \u00e9tait pr\u00e9sent. Comme quoi, il faut s\u2019entraider pour ma\u00eetriser cet outil. Concernant les divergences de vue sur son utilisation, c\u2019est tout \u00e0 fait normal. Mais, avec la VAR, je trouve qu\u2019on ne peut que rendre justice si on prend comme exemple ce penalty que l\u2019arbitre a failli accorder au S\u00e9n\u00e9gal\u201d, a d\u00e9clar\u00e9 au quotidien Lib\u00e9ration.<\/p>\n<\/div>\n<div id=\"text_core\" readability=\"47\">\n<p>Apr\u00e8s la sortie de l\u2019arbitre camerounais Alioum-Alioum \u00e0 propos de la pol\u00e9mique sur l\u2019annulation du penalty siffl\u00e9 pour le compte du S\u00e9n\u00e9gal contre l\u2019Alg\u00e9rie lors de la finale de la Coupe d\u2019Afrique des nations (CAN-2019), c\u2019est au tour du pr\u00e9sident de la Conf\u00e9d\u00e9ration africaine de football (CAF), Ahmad Ahmad, d\u2019enterrer d\u00e9finitivement les soup\u00e7ons. \u201cAvant la CAN, seuls quatre arbitres africains \u00e9taient aptes \u00e0 faire usage de l\u2019assistance vid\u00e9o. Aujourd\u2019hui, ils sont seize. Mieux, deux arbitres europ\u00e9ens nous ont assist\u00e9s durant cette CAN. Lors de la finale, le grand patron de l\u2019arbitrage \u00e0 la Fifa \u00e9tait pr\u00e9sent. Comme quoi, il faut s\u2019entraider pour ma\u00eetriser cet outil. Concernant les divergences de vue sur son utilisation, c\u2019est tout \u00e0 fait normal. Mais, avec la VAR, je trouve qu\u2019on ne peut que rendre justice si on prend comme exemple ce penalty que l\u2019arbitre a failli accorder au S\u00e9n\u00e9gal\u201d, a d\u00e9clar\u00e9 au quotidien Lib\u00e9ration.<\/p>\n<\/div>\n<p>Auteur:<br \/>\n<a href=\"https:\/\/www.liberte-algerie.com\/radar\/de-la-can-2019-avec-la-var-on-ne-peut-que-rendre-justice-320772\">Cliquez ici pour lire l&rsquo;article depuis sa source.<\/a><\/p>\n","protected":false},"excerpt":{"rendered":"<p>Apr\u00e8s la sortie de l\u2019arbitre camerounais Alioum-Alioum \u00e0 propos de la pol\u00e9mique sur l\u2019annulation du penalty siffl\u00e9 pour le compte du S\u00e9n\u00e9gal contre l\u2019Alg\u00e9rie lors de la finale de la Coupe d\u2019Afrique des nations (CAN-2019), c\u2019est au tour du pr\u00e9sident de la Conf\u00e9d\u00e9ration africaine de football (CAF), Ahmad Ahmad, d\u2019enterrer d\u00e9finitivement les soup\u00e7ons. \u201cAvant la [&hellip;]<\/p>\n","protected":false},"author":1742,"featured_media":0,"comment_status":"closed","ping_status":"closed","sticky":false,"template":"","format":"standard","meta":{"fifu_image_url":"","fifu_image_alt":"","footnotes":""},"categories":[73,53],"tags":[],"class_list":["post-48820","post","type-post","status-publish","format-standard","hentry","category-actualite","category-algerie"],"_links":{"self":[{"href":"https:\/\/linitiative.ca\/International\/wp-json\/wp\/v2\/posts\/48820","targetHints":{"allow":["GET"]}}],"collection":[{"href":"https:\/\/linitiative.ca\/International\/wp-json\/wp\/v2\/posts"}],"about":[{"href":"https:\/\/linitiative.ca\/International\/wp-json\/wp\/v2\/types\/post"}],"author":[{"embeddable":true,"href":"https:\/\/linitiative.ca\/International\/wp-json\/wp\/v2\/users\/1742"}],"replies":[{"embeddable":true,"href":"https:\/\/linitiative.ca\/International\/wp-json\/wp\/v2\/comments?post=48820"}],"version-history":[{"count":0,"href":"https:\/\/linitiative.ca\/International\/wp-json\/wp\/v2\/posts\/48820\/revisions"}],"wp:attachment":[{"href":"https:\/\/linitiative.ca\/International\/wp-json\/wp\/v2\/media?parent=48820"}],"wp:term":[{"taxonomy":"category","embeddable":true,"href":"https:\/\/linitiative.ca\/International\/wp-json\/wp\/v2\/categories?post=48820"},{"taxonomy":"post_tag","embeddable":true,"href":"https:\/\/linitiative.ca\/International\/wp-json\/wp\/v2\/tags?post=48820"}],"curies":[{"name":"wp","href":"https:\/\/api.w.org\/{rel}","templated":true}]}}