{"id":48823,"date":"2019-07-27T06:00:00","date_gmt":"2019-07-27T10:00:00","guid":{"rendered":"https:\/\/linitiative.ca\/International\/pas-de-vacances-tant-que-la-bande-est-en-place\/"},"modified":"2019-07-27T06:00:00","modified_gmt":"2019-07-27T10:00:00","slug":"pas-de-vacances-tant-que-la-bande-est-en-place","status":"publish","type":"post","link":"https:\/\/linitiative.ca\/International\/pas-de-vacances-tant-que-la-bande-est-en-place\/","title":{"rendered":"\u201cPas de vacances tant que la bande est en place\u201d"},"content":{"rendered":"<div id=\"originalText\" readability=\"81\">\n<p><strong>Beaucoup de Constantinois ont sacrifi\u00e9 leurs vacances, pr\u00e9f\u00e9rant consacrer, y compris leurs journ\u00e9es de repos,\u00a0 \u00e0 la cause qui unit les Alg\u00e9riens depuis le 22 f\u00e9vrier dernier.<\/strong><\/p>\n<p>Le 23e acte des marches populaires du vendredi n\u2019a pas d\u00e9rog\u00e9 \u00e0 la r\u00e8gle. Les Constantinois sortent en masse pour dire leur rejet du syst\u00e8me politique en place autant que ses initiatives qui font abstraction de la volont\u00e9 populaire. \u201cLa hiwar la hiwar, errahil houa el-karar\u201d (Pas de dialogue sans le pr\u00e9alable de votre d\u00e9part), voulaient-ils dire.\u00a0<br \/>Un slogan scand\u00e9 \u00e0 tue-t\u00eate par les milliers de marcheurs rassembl\u00e9s derri\u00e8re le mot d\u2019ordre en vogue depuis plusieurs semaines d\u00e9j\u00e0 : \u201cDawla madania, machi \u00e2askaria.\u201d Une marche qui s\u2019est d\u00e9roul\u00e9e sous un soleil de plomb et une temp\u00e9rature d\u00e9passant les 42\u00b0C. Traditionnellement, la ville du Vieux Rocher se vide de ses habitants en cette p\u00e9riode de l\u2019ann\u00e9e, de surcro\u00eet durant les week-ends. Canicule oblige, m\u00eame les moins nantis se d\u00e9brouillaient, quand m\u00eame, pour passer de bref s\u00e9jours en bord de mer, sur les plus proches plages de Skikda, Jijel ou Collo. Autres temps, autres m\u0153urs.\u00a0<br \/>En cette \u00e9poque de r\u00e9volution, beaucoup de Constantinois ont sacrifi\u00e9 leurs vacances, pr\u00e9f\u00e9rant consacrer, y compris leurs journ\u00e9es de repos, \u00e0 la cause qui unit les Alg\u00e9riens depuis le 22 f\u00e9vrier dernier.\u00a0<br \/>Une sorte d\u2019addiction au rendez-vous hebdomadaire du vendredi s\u2019est empar\u00e9e de la population cirt\u00e9enne qui ne compte pas l\u00e2cher prise tant que les objectifs du hirak demeurent en suspens. \u00c0 la retraite depuis quatre ann\u00e9es, Noureddine a pris l\u2019habitude d\u2019\u00eatre fix\u00e9 sur son programme de vacances qu\u2019il passe chaque ann\u00e9e en famille, d\u00e8s le mois de mai.\u00a0<br \/>Cette fois-ci, il n\u2019y a m\u00eame pas pens\u00e9, et quand il a eu l\u2019id\u00e9e d\u2019\u00e9voquer le sujet avec ses enfants, il a \u00e9t\u00e9 surpris par la r\u00e9action de ces derniers. Sa fille Nada, t\u00e9moigne-t-il, lui aurait m\u00eame d\u00e9clar\u00e9 : \u201cPas de vacances tant que le gang est en place.\u201d Du haut de ses dix-sept ans, elle a rarement rat\u00e9 une marche du vendredi. Tant\u00f4t \u00e0 c\u00f4t\u00e9 de son p\u00e8re, parfois en compagnie de son fr\u00e8re R\u00e9da pour battre le pav\u00e9, elle passe le restant des jours \u00e0 r\u00e9fl\u00e9chir \u00e0 la pancarte qu\u2019elle va porter pendant la marche.\u00a0<br \/>Ing\u00e9nieuse, son \u00e9criteau constitue souvent une attraction pour les autres marcheurs qui le prenne en photo et que l\u2019on retrouve fr\u00e9quemment sur les r\u00e9seaux sociaux. Un engagement que son paternel ne regrette pas pour autant car, dit-il : \u201cSi je n\u2019ai plus rien \u00e0 esp\u00e9rer de cette vie, l\u2019avenir leur appartient (ses enfants, ndlr), \u00e0 eux et aux millions de jeunes que le pouvoir a sacrifi\u00e9s sur l\u2019autel de l\u2019affairisme, des spoliations et des d\u00e9tournements de deniers publics.\u201d\u00a0 Et c\u2019est quasiment en larmes que Nourredine ajoute : \u201cImaginez un pays comme l\u2019Alg\u00e9rie&#8230; S\u2019il \u00e9tait entre de bonnes mains, avec ce qu\u2019il rec\u00e8le comme richesses, jeunesse et comp\u00e9tences, nous serions devenus aujourd\u2019hui une r\u00e9f\u00e9rence en tout point de vue pour le monde entier. H\u00e9las, notre ind\u00e9pendance a \u00e9t\u00e9 confisqu\u00e9e au lendemain du 5 Juillet 1962 par un colonialisme d\u2019un autre genre qui poursuit, jusqu\u2019\u00e0 aujourd\u2019hui, son \u0153uvre destructrice. C\u2019est pour cela qu\u2019il ne faut pas rater la chance historique du soul\u00e8vement du 22 f\u00e9vrier 2019 ni abandonner le combat \u00e0 mi-chemin, car les r\u00e9sidus du syst\u00e8me politique pourri qui nous a conduits \u00e0 cette situation sont toujours au pouvoir.\u201d Il poursuit : \u201cLe dialogue pr\u00f4n\u00e9 par Bensalah n\u2019a aucune chance d\u2019aboutir, le peuple n\u2019est pas dupe et sait que toute crise finit par un dialogue, et c\u2019est justement pour cette raison qu\u2019il a pos\u00e9 dans ses revendications des pr\u00e9alables sans lesquels il ne l\u00e2chera pas la rue. On ne dialogue pas avec les responsables du chaos qui veulent se r\u00e9g\u00e9n\u00e9rer en escamotant la r\u00e9volution.\u201d\u00a0 \u00a0<\/p>\n<p class=\"c10\"><strong>Kamel Ghimouze<\/strong><\/p>\n<\/div>\n<div id=\"text_core\" readability=\"81\">\n<p><strong>Beaucoup de Constantinois ont sacrifi\u00e9 leurs vacances, pr\u00e9f\u00e9rant consacrer, y compris leurs journ\u00e9es de repos,\u00a0 \u00e0 la cause qui unit les Alg\u00e9riens depuis le 22 f\u00e9vrier dernier.<\/strong><\/p>\n<p>Le 23e acte des marches populaires du vendredi n\u2019a pas d\u00e9rog\u00e9 \u00e0 la r\u00e8gle. Les Constantinois sortent en masse pour dire leur rejet du syst\u00e8me politique en place autant que ses initiatives qui font abstraction de la volont\u00e9 populaire. \u201cLa hiwar la hiwar, errahil houa el-karar\u201d (Pas de dialogue sans le pr\u00e9alable de votre d\u00e9part), voulaient-ils dire.\u00a0<br \/>Un slogan scand\u00e9 \u00e0 tue-t\u00eate par les milliers de marcheurs rassembl\u00e9s derri\u00e8re le mot d\u2019ordre en vogue depuis plusieurs semaines d\u00e9j\u00e0 : \u201cDawla madania, machi \u00e2askaria.\u201d Une marche qui s\u2019est d\u00e9roul\u00e9e sous un soleil de plomb et une temp\u00e9rature d\u00e9passant les 42\u00b0C. Traditionnellement, la ville du Vieux Rocher se vide de ses habitants en cette p\u00e9riode de l\u2019ann\u00e9e, de surcro\u00eet durant les week-ends. Canicule oblige, m\u00eame les moins nantis se d\u00e9brouillaient, quand m\u00eame, pour passer de bref s\u00e9jours en bord de mer, sur les plus proches plages de Skikda, Jijel ou Collo. Autres temps, autres m\u0153urs.\u00a0<br \/>En cette \u00e9poque de r\u00e9volution, beaucoup de Constantinois ont sacrifi\u00e9 leurs vacances, pr\u00e9f\u00e9rant consacrer, y compris leurs journ\u00e9es de repos, \u00e0 la cause qui unit les Alg\u00e9riens depuis le 22 f\u00e9vrier dernier.\u00a0<br \/>Une sorte d\u2019addiction au rendez-vous hebdomadaire du vendredi s\u2019est empar\u00e9e de la population cirt\u00e9enne qui ne compte pas l\u00e2cher prise tant que les objectifs du hirak demeurent en suspens. \u00c0 la retraite depuis quatre ann\u00e9es, Noureddine a pris l\u2019habitude d\u2019\u00eatre fix\u00e9 sur son programme de vacances qu\u2019il passe chaque ann\u00e9e en famille, d\u00e8s le mois de mai.\u00a0<br \/>Cette fois-ci, il n\u2019y a m\u00eame pas pens\u00e9, et quand il a eu l\u2019id\u00e9e d\u2019\u00e9voquer le sujet avec ses enfants, il a \u00e9t\u00e9 surpris par la r\u00e9action de ces derniers. Sa fille Nada, t\u00e9moigne-t-il, lui aurait m\u00eame d\u00e9clar\u00e9 : \u201cPas de vacances tant que le gang est en place.\u201d Du haut de ses dix-sept ans, elle a rarement rat\u00e9 une marche du vendredi. Tant\u00f4t \u00e0 c\u00f4t\u00e9 de son p\u00e8re, parfois en compagnie de son fr\u00e8re R\u00e9da pour battre le pav\u00e9, elle passe le restant des jours \u00e0 r\u00e9fl\u00e9chir \u00e0 la pancarte qu\u2019elle va porter pendant la marche.\u00a0<br \/>Ing\u00e9nieuse, son \u00e9criteau constitue souvent une attraction pour les autres marcheurs qui le prenne en photo et que l\u2019on retrouve fr\u00e9quemment sur les r\u00e9seaux sociaux. Un engagement que son paternel ne regrette pas pour autant car, dit-il : \u201cSi je n\u2019ai plus rien \u00e0 esp\u00e9rer de cette vie, l\u2019avenir leur appartient (ses enfants, ndlr), \u00e0 eux et aux millions de jeunes que le pouvoir a sacrifi\u00e9s sur l\u2019autel de l\u2019affairisme, des spoliations et des d\u00e9tournements de deniers publics.\u201d\u00a0 Et c\u2019est quasiment en larmes que Nourredine ajoute : \u201cImaginez un pays comme l\u2019Alg\u00e9rie&#8230; S\u2019il \u00e9tait entre de bonnes mains, avec ce qu\u2019il rec\u00e8le comme richesses, jeunesse et comp\u00e9tences, nous serions devenus aujourd\u2019hui une r\u00e9f\u00e9rence en tout point de vue pour le monde entier. H\u00e9las, notre ind\u00e9pendance a \u00e9t\u00e9 confisqu\u00e9e au lendemain du 5 Juillet 1962 par un colonialisme d\u2019un autre genre qui poursuit, jusqu\u2019\u00e0 aujourd\u2019hui, son \u0153uvre destructrice. C\u2019est pour cela qu\u2019il ne faut pas rater la chance historique du soul\u00e8vement du 22 f\u00e9vrier 2019 ni abandonner le combat \u00e0 mi-chemin, car les r\u00e9sidus du syst\u00e8me politique pourri qui nous a conduits \u00e0 cette situation sont toujours au pouvoir.\u201d Il poursuit : \u201cLe dialogue pr\u00f4n\u00e9 par Bensalah n\u2019a aucune chance d\u2019aboutir, le peuple n\u2019est pas dupe et sait que toute crise finit par un dialogue, et c\u2019est justement pour cette raison qu\u2019il a pos\u00e9 dans ses revendications des pr\u00e9alables sans lesquels il ne l\u00e2chera pas la rue. On ne dialogue pas avec les responsables du chaos qui veulent se r\u00e9g\u00e9n\u00e9rer en escamotant la r\u00e9volution.\u201d\u00a0 \u00a0<\/p>\n<p class=\"c10\"><strong>Kamel Ghimouze<\/strong><\/p>\n<\/div>\n<p>Auteur:<br \/>\n<a href=\"https:\/\/www.liberte-algerie.com\/actualite\/pas-de-vacances-tant-que-la-bande-est-en-place-320769\">Cliquez ici pour lire l&rsquo;article depuis sa source.<\/a><\/p>\n","protected":false},"excerpt":{"rendered":"<p>Beaucoup de Constantinois ont sacrifi\u00e9 leurs vacances, pr\u00e9f\u00e9rant consacrer, y compris leurs journ\u00e9es de repos,\u00a0 \u00e0 la cause qui unit les Alg\u00e9riens depuis le 22 f\u00e9vrier dernier. Le 23e acte des marches populaires du vendredi n\u2019a pas d\u00e9rog\u00e9 \u00e0 la r\u00e8gle. Les Constantinois sortent en masse pour dire leur rejet du syst\u00e8me politique en place [&hellip;]<\/p>\n","protected":false},"author":1742,"featured_media":0,"comment_status":"closed","ping_status":"closed","sticky":false,"template":"","format":"standard","meta":{"fifu_image_url":"","fifu_image_alt":"","footnotes":""},"categories":[73,53],"tags":[],"class_list":["post-48823","post","type-post","status-publish","format-standard","hentry","category-actualite","category-algerie"],"_links":{"self":[{"href":"https:\/\/linitiative.ca\/International\/wp-json\/wp\/v2\/posts\/48823","targetHints":{"allow":["GET"]}}],"collection":[{"href":"https:\/\/linitiative.ca\/International\/wp-json\/wp\/v2\/posts"}],"about":[{"href":"https:\/\/linitiative.ca\/International\/wp-json\/wp\/v2\/types\/post"}],"author":[{"embeddable":true,"href":"https:\/\/linitiative.ca\/International\/wp-json\/wp\/v2\/users\/1742"}],"replies":[{"embeddable":true,"href":"https:\/\/linitiative.ca\/International\/wp-json\/wp\/v2\/comments?post=48823"}],"version-history":[{"count":0,"href":"https:\/\/linitiative.ca\/International\/wp-json\/wp\/v2\/posts\/48823\/revisions"}],"wp:attachment":[{"href":"https:\/\/linitiative.ca\/International\/wp-json\/wp\/v2\/media?parent=48823"}],"wp:term":[{"taxonomy":"category","embeddable":true,"href":"https:\/\/linitiative.ca\/International\/wp-json\/wp\/v2\/categories?post=48823"},{"taxonomy":"post_tag","embeddable":true,"href":"https:\/\/linitiative.ca\/International\/wp-json\/wp\/v2\/tags?post=48823"}],"curies":[{"name":"wp","href":"https:\/\/api.w.org\/{rel}","templated":true}]}}