{"id":48826,"date":"2019-07-26T20:09:28","date_gmt":"2019-07-27T00:09:28","guid":{"rendered":"https:\/\/linitiative.ca\/International\/ceremonie-en-celebration-de-la-fete-nationale-de-la-suisse\/"},"modified":"2019-07-26T20:09:28","modified_gmt":"2019-07-27T00:09:28","slug":"ceremonie-en-celebration-de-la-fete-nationale-de-la-suisse","status":"publish","type":"post","link":"https:\/\/linitiative.ca\/International\/ceremonie-en-celebration-de-la-fete-nationale-de-la-suisse\/","title":{"rendered":"C\u00e9r\u00e9monie en c\u00e9l\u00e9bration de la f\u00eate nationale de la Suisse"},"content":{"rendered":"<div class=\"single-featured\"><img alt=\"\" data-src=\"http:\/\/www.mapmarrakech.ma\/map\/uploads\/2019\/07\/fetedelasuisse-copier.jpg\"\/><\/div>\n<div class=\"single-post-excerpt post-excerpt-bc\" readability=\"34\">\n<p>Marrakech \u2013 Le Consulat honoraire de Suisse \u00e0 Marrakech a organis\u00e9 mercredi dernier, \u00e0 la cit\u00e9 ocre une c\u00e9r\u00e9monie \u00e0 l\u2019occasion de la f\u00eate nationale de la Suisse.<\/p>\n<\/div>\n<div class=\"entry-content clearfix single-post-content\" readability=\"48\">\n<p>Traditionnellement organis\u00e9e le premier ao\u00fbt, les festivit\u00e9s ont eu lieu le 24 juillet dernier. Cette c\u00e9r\u00e9monie a rassembl\u00e9 plus de 130 convives, dont \u00a0des op\u00e9rateurs suisses et internationaux, officiels marocains, repr\u00e9sentants de corps consulaires \u00e9trangers.<\/p>\n<p>Lors de leurs allocutions Pierre-Yves Morier, charg\u00e9 d\u2019assurer la conduite de l\u2019Ambassade \u00e0 Rabat, et Sami Zerelli, Consul honoraire de Suisse \u00e0 Marrakech, ont r\u00e9it\u00e9r\u00e9 leur volont\u00e9 de servir les relations bilat\u00e9rales et d\u2019accompagner le Maroc dans son processus de r\u00e9gionalisation.<\/p>\n<p>Cet \u00e9v\u00e9nement a \u00e9t\u00e9 \u00e0 la hauteur de l\u2019amiti\u00e9 marocco-suisse.<\/p>\n<\/div>\n<p>Auteur: Meriem IGASS<br \/>\n<a href=\"http:\/\/www.mapmarrakech.ma\/fr\/ceremonie-en-celebration-de-la-fete-nationale-de-la-suisse\/\">Cliquez ici pour lire l&rsquo;article depuis sa source.<\/a><\/p>\n","protected":false},"excerpt":{"rendered":"<p>Marrakech \u2013 Le Consulat honoraire de Suisse \u00e0 Marrakech a organis\u00e9 mercredi dernier, \u00e0 la cit\u00e9 ocre une c\u00e9r\u00e9monie \u00e0 l\u2019occasion de la f\u00eate nationale de la Suisse. Traditionnellement organis\u00e9e le premier ao\u00fbt, les festivit\u00e9s ont eu lieu le 24 juillet dernier. Cette c\u00e9r\u00e9monie a rassembl\u00e9 plus de 130 convives, dont \u00a0des op\u00e9rateurs suisses et [&hellip;]<\/p>\n","protected":false},"author":1788,"featured_media":48827,"comment_status":"closed","ping_status":"closed","sticky":false,"template":"","format":"standard","meta":{"fifu_image_url":"","fifu_image_alt":"","footnotes":""},"categories":[54,76],"tags":[],"class_list":["post-48826","post","type-post","status-publish","format-standard","has-post-thumbnail","hentry","category-maroc","category-regions"],"_links":{"self":[{"href":"https:\/\/linitiative.ca\/International\/wp-json\/wp\/v2\/posts\/48826","targetHints":{"allow":["GET"]}}],"collection":[{"href":"https:\/\/linitiative.ca\/International\/wp-json\/wp\/v2\/posts"}],"about":[{"href":"https:\/\/linitiative.ca\/International\/wp-json\/wp\/v2\/types\/post"}],"author":[{"embeddable":true,"href":"https:\/\/linitiative.ca\/International\/wp-json\/wp\/v2\/users\/1788"}],"replies":[{"embeddable":true,"href":"https:\/\/linitiative.ca\/International\/wp-json\/wp\/v2\/comments?post=48826"}],"version-history":[{"count":0,"href":"https:\/\/linitiative.ca\/International\/wp-json\/wp\/v2\/posts\/48826\/revisions"}],"wp:featuredmedia":[{"embeddable":true,"href":"https:\/\/linitiative.ca\/International\/wp-json\/"}],"wp:attachment":[{"href":"https:\/\/linitiative.ca\/International\/wp-json\/wp\/v2\/media?parent=48826"}],"wp:term":[{"taxonomy":"category","embeddable":true,"href":"https:\/\/linitiative.ca\/International\/wp-json\/wp\/v2\/categories?post=48826"},{"taxonomy":"post_tag","embeddable":true,"href":"https:\/\/linitiative.ca\/International\/wp-json\/wp\/v2\/tags?post=48826"}],"curies":[{"name":"wp","href":"https:\/\/api.w.org\/{rel}","templated":true}]}}