{"id":48828,"date":"2019-07-26T20:37:24","date_gmt":"2019-07-27T00:37:24","guid":{"rendered":"https:\/\/linitiative.ca\/International\/m-doukkali-visite-le-chp-sidi-mohammed-ben-abdellah\/"},"modified":"2019-07-26T20:37:24","modified_gmt":"2019-07-27T00:37:24","slug":"m-doukkali-visite-le-chp-sidi-mohammed-ben-abdellah","status":"publish","type":"post","link":"https:\/\/linitiative.ca\/International\/m-doukkali-visite-le-chp-sidi-mohammed-ben-abdellah\/","title":{"rendered":"M. Doukkali visite le CHP Sidi Mohammed Ben Abdellah"},"content":{"rendered":"<div readability=\"38\">\n<p>Essaouira \u2013 Le ministre de la Sant\u00e9, Anass Doukkali a visit\u00e9, vendredi \u00e0 Essaouira, le Centre Hospitalier Provincial (CHP) Sidi Mohammed Ben Abdellah qui a b\u00e9n\u00e9fici\u00e9 de travaux de r\u00e9am\u00e9nagement, d\u2019extension et d\u2019\u00e9quipement.<\/p>\n<\/div>\n<div readability=\"126\">\n<p>Cette visite s\u2019inscrit dans le cadre de la politique de sant\u00e9 adopt\u00e9e par le minist\u00e8re \u00e0 travers le d\u00e9veloppement des infrastructures hospitali\u00e8res afin de rapprocher l\u2019offre de soins de la population et promouvoir la sant\u00e9 dans la r\u00e9gion d\u2019Essaouira et ses environs.<\/p>\n<p>Lors de cette visite, M. Doukkali \u00e9tait accompagn\u00e9 notamment du gouverneur de la province, Adil El Maliki, de la directrice r\u00e9gionale de la Sant\u00e9 \u00e0 Marrakech-Safi, Lamiae Chakiri, des \u00e9lus locaux, des chefs des services ext\u00e9rieurs, des acteurs de la soci\u00e9t\u00e9 civile ainsi que d\u2019autres personnalit\u00e9s.<\/p>\n<p>A cette occasion, le ministre et la d\u00e9l\u00e9gation l\u2019accompagnant ont effectu\u00e9 une tourn\u00e9e \u00e0 travers les diff\u00e9rents services du CHP o\u00f9 des explications leur ont \u00e9t\u00e9 fournies sur les sp\u00e9cialit\u00e9s disponibles, le fonctionnement, les \u00e9quipements mis en place, ainsi que sur les ressources humaines mobilis\u00e9es pour offrir aux patients des prestations m\u00e9dicales de qualit\u00e9.<\/p>\n<p>D\u2019une valeur totale de 157 millions de dirhams, ce projet vise \u00e0 am\u00e9liorer les conditions d\u2019accueil des patients, \u00e0 garantir la qualit\u00e9 de prise en charge, et \u00e0 r\u00e9duire le taux de transferts des patients vers d\u2019autres \u00e9tablissements de sant\u00e9.<\/p>\n<p>Le r\u00e9am\u00e9nagement et l\u2019extension de l\u2019h\u00f4pital Sidi Mohammed Ben Abdellah ont port\u00e9 notamment sur la construction d\u2019une unit\u00e9 d\u2019urgences, une unit\u00e9 de radiographie, un centre de consultations sp\u00e9cialis\u00e9es externes, un service d\u2019accueil et d\u2019admission, un complexe chirurgical, une unit\u00e9 de r\u00e9animation et soins intensifs, et un h\u00f4pital du jour.<\/p>\n<p>Le projet a mis \u00e0 disposition des structures de l\u2019h\u00f4pital provincial des \u00e9quipements biom\u00e9dicaux modernes et d\u00e9velopp\u00e9s, des \u00e9quipements techniques, bureautiques et informatiques en plus du mat\u00e9riel de literie.<\/p>\n<p>A noter que les unit\u00e9s de cet h\u00f4pital, dont b\u00e9n\u00e9ficieront les habitants de la province d\u2019Essaouira, sont en service actif depuis juin dernier.<\/p>\n<p>Le Centre de consultations sp\u00e9cialis\u00e9es externes a d\u00e9marr\u00e9 ses services le 22 juin dernier, l\u2019accueil dans les urgences le 28 juin, l\u2019unit\u00e9 de radiologie le 5 juillet, alors que le service d\u2019accueil et d\u2019admission d\u00e9marrera le samedi 27 courant, pr\u00e9cise-t-on.<\/p>\n<p>Lors de cette visite, le ministre et la d\u00e9l\u00e9gation l\u2019accompagnant ont \u00e9t\u00e9, en outre, inform\u00e9s des d\u00e9tails du projet de r\u00e9am\u00e9nagement de l\u2019ancien b\u00e2timent de l\u2019h\u00f4pital provincial, qui sera renforc\u00e9 par de nouvelles structures de sant\u00e9, telles que le d\u00e9partement m\u00e8re-enfant, la transformation des urgences actuelles en laboratoire, la fusion du service pneumo avec l\u2019unit\u00e9 de m\u00e9decine, la construction d\u2019un centre provincial int\u00e9gr\u00e9 de r\u00e9\u00e9ducation, la r\u00e9habilitation de l\u2019unit\u00e9 de chirurgie et la transformation du bloc op\u00e9ratoire actuel en chambres cliniques.<\/p>\n<p>Par la m\u00eame occasion, le ministre et la d\u00e9l\u00e9gation se sont rendus au service d\u2019h\u00e9modialyse de l\u2019h\u00f4pital, afin de prendre connaissance du fonctionnement de ce service.<\/p>\n<p>Dans une d\u00e9claration \u00e0 la presse, M. Doukkali a indiqu\u00e9 que la structure hospitali\u00e8re d\u2019Essaouira vient d\u2019\u00eatre renforc\u00e9e avec la mise en service de ce Centre hospitalier dot\u00e9 d\u2019un complexe op\u00e9ratoire \u00e0 la pointe de la technologie dans ce domaine, ainsi que d\u2019autres services et sp\u00e9cialit\u00e9s, notant que ce Centre verra \u00e0 l\u2019avenir l\u2019ach\u00e8vement de son r\u00e9am\u00e9nagement afin de le doter d\u2019un p\u00f4le-m\u00e8re et enfant, outre un Laboratoire.<\/p>\n<p>Avec ces r\u00e9alisations, le CHP d\u2019Essaouira sera en mesure d\u2019assurer la prise en charge des patients dans diff\u00e9rentes sp\u00e9cialit\u00e9s et de r\u00e9duire ainsi leur transfert vers les autres \u00e9tablissements hospitaliers de Marrakech, a conclu le ministre<\/p>\n<\/div>\n<p>Auteur: Meriem IGASS<br \/>\n<a href=\"http:\/\/www.mapmarrakech.ma\/fr\/m-doukkali-visite-le-chp-sidi-mohammed-ben-abdellah\/\">Cliquez ici pour lire l&rsquo;article depuis sa source.<\/a><\/p>\n","protected":false},"excerpt":{"rendered":"<p>Essaouira \u2013 Le ministre de la Sant\u00e9, Anass Doukkali a visit\u00e9, vendredi \u00e0 Essaouira, le Centre Hospitalier Provincial (CHP) Sidi Mohammed Ben Abdellah qui a b\u00e9n\u00e9fici\u00e9 de travaux de r\u00e9am\u00e9nagement, d\u2019extension et d\u2019\u00e9quipement. Cette visite s\u2019inscrit dans le cadre de la politique de sant\u00e9 adopt\u00e9e par le minist\u00e8re \u00e0 travers le d\u00e9veloppement des infrastructures hospitali\u00e8res [&hellip;]<\/p>\n","protected":false},"author":1788,"featured_media":0,"comment_status":"closed","ping_status":"closed","sticky":false,"template":"","format":"standard","meta":{"fifu_image_url":"","fifu_image_alt":"","footnotes":""},"categories":[54,76],"tags":[],"class_list":["post-48828","post","type-post","status-publish","format-standard","hentry","category-maroc","category-regions"],"_links":{"self":[{"href":"https:\/\/linitiative.ca\/International\/wp-json\/wp\/v2\/posts\/48828","targetHints":{"allow":["GET"]}}],"collection":[{"href":"https:\/\/linitiative.ca\/International\/wp-json\/wp\/v2\/posts"}],"about":[{"href":"https:\/\/linitiative.ca\/International\/wp-json\/wp\/v2\/types\/post"}],"author":[{"embeddable":true,"href":"https:\/\/linitiative.ca\/International\/wp-json\/wp\/v2\/users\/1788"}],"replies":[{"embeddable":true,"href":"https:\/\/linitiative.ca\/International\/wp-json\/wp\/v2\/comments?post=48828"}],"version-history":[{"count":0,"href":"https:\/\/linitiative.ca\/International\/wp-json\/wp\/v2\/posts\/48828\/revisions"}],"wp:attachment":[{"href":"https:\/\/linitiative.ca\/International\/wp-json\/wp\/v2\/media?parent=48828"}],"wp:term":[{"taxonomy":"category","embeddable":true,"href":"https:\/\/linitiative.ca\/International\/wp-json\/wp\/v2\/categories?post=48828"},{"taxonomy":"post_tag","embeddable":true,"href":"https:\/\/linitiative.ca\/International\/wp-json\/wp\/v2\/tags?post=48828"}],"curies":[{"name":"wp","href":"https:\/\/api.w.org\/{rel}","templated":true}]}}