{"id":48829,"date":"2019-07-26T21:03:49","date_gmt":"2019-07-27T01:03:49","guid":{"rendered":"https:\/\/linitiative.ca\/International\/m-doukkali-sinforme-des-prestations-medicales\/"},"modified":"2019-07-26T21:03:49","modified_gmt":"2019-07-27T01:03:49","slug":"m-doukkali-sinforme-des-prestations-medicales","status":"publish","type":"post","link":"https:\/\/linitiative.ca\/International\/m-doukkali-sinforme-des-prestations-medicales\/","title":{"rendered":"M. Doukkali s\u2019informe des prestations m\u00e9dicales"},"content":{"rendered":"<div readability=\"40\">\n<p>Commune de Tamanar (Province d\u2019Essaouira) \u2013 Le ministre de la Sant\u00e9, Anass Doukkali s\u2019est rendu, vendredi, respectivement aux communes de Tamanar et de Smimou, relevant de la province d\u2019Essaouira, l\u2019occasion de prendre connaissance des diff\u00e9rentes prestations m\u00e9dicales dispens\u00e9es par les centres de sant\u00e9 de ces deux communes.<\/p>\n<\/div>\n<div readability=\"135\">\n<p>Ainsi, \u00e0 la Commune de Tamanar, le ministre, accompagn\u00e9 de responsables de son d\u00e9partement, des \u00e9lus locaux et d\u2019autres personnalit\u00e9s, a visit\u00e9 le Centre de Sant\u00e9 Urbain (CSU-2) qui dessert une population estim\u00e9e \u00e0 19.340 \u00e2mes, et s\u2019est enquis de pr\u00e8s des diff\u00e9rentes prestations m\u00e9dicales fournies.<\/p>\n<p>Par la m\u00eame occasion, M. Doukkali a effectu\u00e9 une tourn\u00e9e \u00e0 travers les diff\u00e9rentes d\u00e9pendances de cette structure m\u00e9dicale qui compte un m\u00e9decin, 4 infirmiers polyvalents et 4 sages-femmes, et dispose de plusieurs \u00e9quipements.<\/p>\n<p>En chiffres, le CSU de Tamanar a assur\u00e9 en 2018 un total de 336 accouchements, 16.589 consultations m\u00e9dicales et 7.813 consultations param\u00e9dicales, avec un taux de couverture par le BCG de 147.08.<\/p>\n<p>Par la suite, le ministre et la d\u00e9l\u00e9gation l\u2019accompagnant se sont rendus au chantier de construction du nouveau h\u00f4pital de proximit\u00e9 de Tamanar d\u2019une capacit\u00e9 liti\u00e8re de 45 et qui sera achev\u00e9 fin 2020.<\/p>\n<p>Ce projet comprendra, entre autres, une unit\u00e9 de m\u00e9decine, de consultation externe, des exploitations fonctionnelles, une unit\u00e9 de chirurgie-hospitalisation, des services g\u00e9n\u00e9raux, une unit\u00e9 de radiologie, un laboratoire, des urgences, une pharmacie, et une morgue.<\/p>\n<p>A la Commune de Smimou, M. Doukkali s\u2019est rendu au Centre de Sant\u00e9 Rural (CSR-2) pour s\u2019arr\u00eater de visu sur le fonctionnement de cette structure de sant\u00e9 qui dispose de deux m\u00e9decins g\u00e9n\u00e9ralistes, de 3 infirmiers polyvalents et de 3 sages-femmes.<\/p>\n<p>Ce Centre, qui offre des prestations m\u00e9dicales \u00e0 une population de 10.319 habitants, a r\u00e9alis\u00e9 en 2018 quelque 214 accouchements, 9.087 consultations m\u00e9dicales, 21.876 consultations param\u00e9dicales, et un taux de couverture par le BCG de 128.46.<\/p>\n<p>Par la m\u00eame occasion, le ministre a visit\u00e9 la maison d\u2019accouchement de Smimou relevant du m\u00eame Centre, le temps de s\u2019enqu\u00e9rir du bon fonctionnement de cette unit\u00e9 et des mesures prises pour un meilleur accueil et une prise en charge des b\u00e9n\u00e9ficiaires.<\/p>\n<p>Dans une d\u00e9claration \u00e0 la presse \u00e0 cette occasion, M. Doukkali a fait savoir que ces visites aux Centres de Sant\u00e9 de niveau 2 t\u00e9moignent de l\u2019int\u00e9r\u00eat que porte le minist\u00e8re \u00e0 la promotion des premiers soins et \u00e0 la garantie de prestations m\u00e9dicales de qualit\u00e9 au profit des populations, notant que ces deux Centres de Sant\u00e9, dont un rural et un autre urbain, disposent de maisons d\u2019accouchement.<\/p>\n<p>Et de faire observer qu\u2019il sera proc\u00e9d\u00e9 prochainement dans le cadre de l\u2019Initiative Nationale pour le D\u00e9veloppement Humain (INDH) \u00e0 la cr\u00e9ation de \u00ab\u00a0Dar Al Oumouma\u00a0\u00bb (Maison de Maternit\u00e9) pour la prise en charge des femmes b\u00e9n\u00e9ficiaires avant et apr\u00e8s l\u2019accouchement.<\/p>\n<p>Plusieurs programmes de sant\u00e9 sont men\u00e9s au niveau de ces Centres concernant la sant\u00e9 de la m\u00e8re et de l\u2019enfant, la vaccination, le d\u00e9pistage du cancer du sein et du col de l\u2019ut\u00e9rus, le suivi des personnes atteintes de maladies chroniques, l\u2019octroi des m\u00e9dicaments n\u00e9cessaires et la planification familiale, a expliqu\u00e9 le ministre, faisant savoir que le CSU de Tamanar dispose d\u2019une unit\u00e9 d\u2019urgences qui fonctionne 24H\/24.<\/p>\n<p>Par la m\u00eame occasion, le ministre a lou\u00e9 les efforts inlassables d\u00e9ploy\u00e9s par les cadres m\u00e9dicaux et param\u00e9dicaux comme en t\u00e9moigne la population et les acteurs locaux, mettant en avant l\u2019existence au niveau de la r\u00e9gion de Marrakech-Safi et \u00e0 la province d\u2019Essaouira d\u2019une exp\u00e9rience-pilote en mati\u00e8re de prise en charge des personnes victimes de morsures de scorpions et de vip\u00e8res.<\/p>\n<p>La prise en charge se fait dans l\u2019imm\u00e9diat gr\u00e2ce \u00e0 un personnel form\u00e9, \u00e0 l\u2019offre de kits de m\u00e9dicaments appropri\u00e9s, et en coordination avec l\u2019h\u00f4pital de r\u00e9f\u00e9rence afin d\u2019\u00e9viter toute complication, s\u2019est f\u00e9licit\u00e9 le ministre, r\u00e9it\u00e9rant l\u2019engagement de son d\u00e9partement \u00e0 mobiliser tous les moyens n\u00e9cessaires pour tirer vers le haut la qualit\u00e9 des prestations m\u00e9dicales fournies aux citoyens.<\/p>\n<\/div>\n<p>Auteur: Meriem IGASS<br \/>\n<a href=\"http:\/\/www.mapmarrakech.ma\/fr\/m-doukkali-sinforme-des-prestations-medicales-fournies\/\">Cliquez ici pour lire l&rsquo;article depuis sa source.<\/a><\/p>\n","protected":false},"excerpt":{"rendered":"<p>Commune de Tamanar (Province d\u2019Essaouira) \u2013 Le ministre de la Sant\u00e9, Anass Doukkali s\u2019est rendu, vendredi, respectivement aux communes de Tamanar et de Smimou, relevant de la province d\u2019Essaouira, l\u2019occasion de prendre connaissance des diff\u00e9rentes prestations m\u00e9dicales dispens\u00e9es par les centres de sant\u00e9 de ces deux communes. Ainsi, \u00e0 la Commune de Tamanar, le ministre, [&hellip;]<\/p>\n","protected":false},"author":1788,"featured_media":0,"comment_status":"closed","ping_status":"closed","sticky":false,"template":"","format":"standard","meta":{"fifu_image_url":"","fifu_image_alt":"","footnotes":""},"categories":[54,76],"tags":[],"class_list":["post-48829","post","type-post","status-publish","format-standard","hentry","category-maroc","category-regions"],"_links":{"self":[{"href":"https:\/\/linitiative.ca\/International\/wp-json\/wp\/v2\/posts\/48829","targetHints":{"allow":["GET"]}}],"collection":[{"href":"https:\/\/linitiative.ca\/International\/wp-json\/wp\/v2\/posts"}],"about":[{"href":"https:\/\/linitiative.ca\/International\/wp-json\/wp\/v2\/types\/post"}],"author":[{"embeddable":true,"href":"https:\/\/linitiative.ca\/International\/wp-json\/wp\/v2\/users\/1788"}],"replies":[{"embeddable":true,"href":"https:\/\/linitiative.ca\/International\/wp-json\/wp\/v2\/comments?post=48829"}],"version-history":[{"count":0,"href":"https:\/\/linitiative.ca\/International\/wp-json\/wp\/v2\/posts\/48829\/revisions"}],"wp:attachment":[{"href":"https:\/\/linitiative.ca\/International\/wp-json\/wp\/v2\/media?parent=48829"}],"wp:term":[{"taxonomy":"category","embeddable":true,"href":"https:\/\/linitiative.ca\/International\/wp-json\/wp\/v2\/categories?post=48829"},{"taxonomy":"post_tag","embeddable":true,"href":"https:\/\/linitiative.ca\/International\/wp-json\/wp\/v2\/tags?post=48829"}],"curies":[{"name":"wp","href":"https:\/\/api.w.org\/{rel}","templated":true}]}}