{"id":48830,"date":"2019-07-27T12:49:08","date_gmt":"2019-07-27T16:49:08","guid":{"rendered":"https:\/\/linitiative.ca\/International\/safi-se-dote-dun-espace-de-developpement-social\/"},"modified":"2019-07-27T12:49:08","modified_gmt":"2019-07-27T16:49:08","slug":"safi-se-dote-dun-espace-de-developpement-social","status":"publish","type":"post","link":"https:\/\/linitiative.ca\/International\/safi-se-dote-dun-espace-de-developpement-social\/","title":{"rendered":"Safi se dote d\u2019un espace de d\u00e9veloppement social"},"content":{"rendered":"<div readability=\"37\">\n<p>Safi \u2013 L\u2019infrastructure sociale \u00e0 Safi vient de se renforcer avec la cr\u00e9ation d\u2019un Espace de D\u00e9veloppement Social et d\u2019Accompagnement des Jeunes (EDSAJ), inaugur\u00e9 vendredi, \u00e0 l\u2019occasion de la c\u00e9l\u00e9bration de la F\u00eate du Tr\u00f4ne co\u00efncidant avec le 20\u00e8me anniversaire de l\u2019accession de Sa Majest\u00e9 le Roi Mohammed VI au Tr\u00f4ne de Ses Glorieux Anc\u00eatres.<\/p>\n<\/div>\n<div readability=\"87\">\n<p>R\u00e9alis\u00e9e pour un co\u00fbt global de l\u2019ordre de 600.000 DH, dont 400.000 DH comme contribution de l\u2019Agence de d\u00e9veloppement social (ADS) et 200.000 DH comme contribution de l\u2019Initiative nationale pour le d\u00e9veloppement humain (INDH) en plus de la contribution de la Commune de Safi (le local), cette importante structure sociale vise le renforcement des capacit\u00e9s des associations et des coop\u00e9ratives de la province de Safi \u00e0 travers la formation et l\u2019accompagnement, l\u2019orientation continue des associations et des coop\u00e9ratives et la mise \u00e0 la disposition des associations et des coop\u00e9ratives d\u2019un espace d\u2019\u00e9change, de communication, d\u2019information et de formation.<\/p>\n<p>Cette structure sociale, dont l\u2019inauguration officielle s\u2019est d\u00e9roul\u00e9e en pr\u00e9sence notamment du directeur g\u00e9n\u00e9ral de l\u2019ADS, Yassine Hamza, le gouverneur de province de Safi, Lahoucine Chaynane, d\u2019\u00e9lus locaux, et acteurs institutionnels locaux \u0153uvrant dans le domaine social et ceux qui sont concern\u00e9s par l\u2019employabilit\u00e9, l\u2019entrepreneuriat et l\u2019accompagnement des jeunes, servira d\u2019espace d\u2019accueil, d\u2019information et d\u2019orientation au profit des jeunes porteurs des projets et des petits entrepreneurs et un espace d\u2019appui des jeunes \u00e0 travers l\u2019accompagnement, le renforcement des capacit\u00e9s, l\u2019encadrement et l\u2019orientation.<\/p>\n<p>Dans une d\u00e9claration \u00e0 la MAP, le responsable de l\u2019ADS \u00e0 Safi et charg\u00e9 de la gestion de l\u2019espace, Zakaria Bhioui, a indiqu\u00e9 que cette structure sociale est le fruit d\u2019un partenariat entre le Comit\u00e9 provincial du d\u00e9veloppement humain (CPDH), l\u2019ADS, le Conseil communal de Safi, l\u2019ADS, relevant que cet espace b\u00e9n\u00e9ficiera aussi bien pour les associations de la soci\u00e9t\u00e9 civile, les coop\u00e9ratives, les PME que les porteurs de projets.<\/p>\n<p>La ville de Safi ne peut que se targuer de la r\u00e9alisation d\u2019un tel espace qui sera b\u00e9n\u00e9fique aux jeunes, aux porteurs de projets et aux associations entre autres, a-t-il ajout\u00e9.<\/p>\n<p>Cette c\u00e9r\u00e9monie d\u2019inauguration a \u00e9t\u00e9 marqu\u00e9e par la signature d\u2019une \u00ab\u00a0Charte de gestion\u00a0\u00bb de cet espace entre la Province de Safi, l\u2019ADS, la Commune de Safi, le Centre r\u00e9gional d\u2019investissement (CRI) \u00e0 Safi, le Programme Act 4 Community du Groupe OCP et l\u2019Association Safi Moubadarat.<\/p>\n<p>Cette charte d\u00e9finit un certain nombre de dispositions pour garantir la p\u00e9rennit\u00e9 et l\u2019efficience des services de cet espace.<\/p>\n<\/div>\n<p>Auteur: Meriem IGASS<br \/>\n<a href=\"http:\/\/www.mapmarrakech.ma\/fr\/safi-se-dote-dun-espace-de-developpement-social\/\">Cliquez ici pour lire l&rsquo;article depuis sa source.<\/a><\/p>\n","protected":false},"excerpt":{"rendered":"<p>Safi \u2013 L\u2019infrastructure sociale \u00e0 Safi vient de se renforcer avec la cr\u00e9ation d\u2019un Espace de D\u00e9veloppement Social et d\u2019Accompagnement des Jeunes (EDSAJ), inaugur\u00e9 vendredi, \u00e0 l\u2019occasion de la c\u00e9l\u00e9bration de la F\u00eate du Tr\u00f4ne co\u00efncidant avec le 20\u00e8me anniversaire de l\u2019accession de Sa Majest\u00e9 le Roi Mohammed VI au Tr\u00f4ne de Ses Glorieux Anc\u00eatres. [&hellip;]<\/p>\n","protected":false},"author":1788,"featured_media":0,"comment_status":"closed","ping_status":"closed","sticky":false,"template":"","format":"standard","meta":{"fifu_image_url":"","fifu_image_alt":"","footnotes":""},"categories":[54,76],"tags":[],"class_list":["post-48830","post","type-post","status-publish","format-standard","hentry","category-maroc","category-regions"],"_links":{"self":[{"href":"https:\/\/linitiative.ca\/International\/wp-json\/wp\/v2\/posts\/48830","targetHints":{"allow":["GET"]}}],"collection":[{"href":"https:\/\/linitiative.ca\/International\/wp-json\/wp\/v2\/posts"}],"about":[{"href":"https:\/\/linitiative.ca\/International\/wp-json\/wp\/v2\/types\/post"}],"author":[{"embeddable":true,"href":"https:\/\/linitiative.ca\/International\/wp-json\/wp\/v2\/users\/1788"}],"replies":[{"embeddable":true,"href":"https:\/\/linitiative.ca\/International\/wp-json\/wp\/v2\/comments?post=48830"}],"version-history":[{"count":0,"href":"https:\/\/linitiative.ca\/International\/wp-json\/wp\/v2\/posts\/48830\/revisions"}],"wp:attachment":[{"href":"https:\/\/linitiative.ca\/International\/wp-json\/wp\/v2\/media?parent=48830"}],"wp:term":[{"taxonomy":"category","embeddable":true,"href":"https:\/\/linitiative.ca\/International\/wp-json\/wp\/v2\/categories?post=48830"},{"taxonomy":"post_tag","embeddable":true,"href":"https:\/\/linitiative.ca\/International\/wp-json\/wp\/v2\/tags?post=48830"}],"curies":[{"name":"wp","href":"https:\/\/api.w.org\/{rel}","templated":true}]}}