{"id":48831,"date":"2019-07-26T14:15:22","date_gmt":"2019-07-26T18:15:22","guid":{"rendered":"https:\/\/linitiative.ca\/International\/msila-deces-par-noyade-dans-un-lac-dun-garcon-a-zerzour\/"},"modified":"2019-07-26T14:15:22","modified_gmt":"2019-07-26T18:15:22","slug":"msila-deces-par-noyade-dans-un-lac-dun-garcon-a-zerzour","status":"publish","type":"post","link":"https:\/\/linitiative.ca\/International\/msila-deces-par-noyade-dans-un-lac-dun-garcon-a-zerzour\/","title":{"rendered":"M\u2019sila: d\u00e9c\u00e8s par noyade dans un lac d\u2019un gar\u00e7on \u00e0 Zerzour"},"content":{"rendered":"<div>\n<div class=\"K2FeedIntroText\">\n<p><strong>M&rsquo;SILA &#8211; Un gar\u00e7on, \u00e2g\u00e9 de 14 ans, a trouv\u00e9 la mort noy\u00e9 vendredi dans un lac, dans la commune de Zerzour (wilaya de M&rsquo;sila), ont annonc\u00e9 les services de la protection civile.<\/strong><\/p>\n<\/div>\n<div class=\"K2FeedFullText\">\n<p>Le corps sans vie de la victime a \u00e9t\u00e9 rep\u00each\u00e9 par les \u00e9l\u00e9ments de l&rsquo;unit\u00e9 de la protection civile de la daira de Bensrour a pr\u00e9cis\u00e9 la m\u00eame source qui a ajout\u00e9 que la d\u00e9pouille a \u00e9t\u00e9 transf\u00e9r\u00e9e \u00e0 l&rsquo;h\u00f4pital de la m\u00eame daira.<\/p>\n<p>Une enqu\u00eate \u00e0 \u00e9t\u00e9 ouverte par la gendarmerie nationale afin de d\u00e9terminer les causes de cet incident a relev\u00e9 la m\u00eame source rappelant que la victime est cette noyade est le quatri\u00e8me cas enregistr\u00e9 \u00e0 M\u2019sila depuis le d\u00e9but de la p\u00e9riode estivale.<\/p>\n<\/div>\n<\/div>\n<p>Auteur:<br \/>\n<a href=\"http:\/\/www.aps.dz\/regions\/92503-m-sila-deces-par-noyade-dans-un-lac-d-un-garcon-a-zerzour\">Cliquez ici pour lire l&rsquo;article depuis sa source.<\/a><\/p>\n","protected":false},"excerpt":{"rendered":"<p>M&rsquo;SILA &#8211; Un gar\u00e7on, \u00e2g\u00e9 de 14 ans, a trouv\u00e9 la mort noy\u00e9 vendredi dans un lac, dans la commune de Zerzour (wilaya de M&rsquo;sila), ont annonc\u00e9 les services de la protection civile. Le corps sans vie de la victime a \u00e9t\u00e9 rep\u00each\u00e9 par les \u00e9l\u00e9ments de l&rsquo;unit\u00e9 de la protection civile de la daira [&hellip;]<\/p>\n","protected":false},"author":1790,"featured_media":0,"comment_status":"closed","ping_status":"closed","sticky":false,"template":"","format":"standard","meta":{"fifu_image_url":"","fifu_image_alt":"","footnotes":""},"categories":[53,76],"tags":[],"class_list":["post-48831","post","type-post","status-publish","format-standard","hentry","category-algerie","category-regions"],"_links":{"self":[{"href":"https:\/\/linitiative.ca\/International\/wp-json\/wp\/v2\/posts\/48831","targetHints":{"allow":["GET"]}}],"collection":[{"href":"https:\/\/linitiative.ca\/International\/wp-json\/wp\/v2\/posts"}],"about":[{"href":"https:\/\/linitiative.ca\/International\/wp-json\/wp\/v2\/types\/post"}],"author":[{"embeddable":true,"href":"https:\/\/linitiative.ca\/International\/wp-json\/wp\/v2\/users\/1790"}],"replies":[{"embeddable":true,"href":"https:\/\/linitiative.ca\/International\/wp-json\/wp\/v2\/comments?post=48831"}],"version-history":[{"count":0,"href":"https:\/\/linitiative.ca\/International\/wp-json\/wp\/v2\/posts\/48831\/revisions"}],"wp:attachment":[{"href":"https:\/\/linitiative.ca\/International\/wp-json\/wp\/v2\/media?parent=48831"}],"wp:term":[{"taxonomy":"category","embeddable":true,"href":"https:\/\/linitiative.ca\/International\/wp-json\/wp\/v2\/categories?post=48831"},{"taxonomy":"post_tag","embeddable":true,"href":"https:\/\/linitiative.ca\/International\/wp-json\/wp\/v2\/tags?post=48831"}],"curies":[{"name":"wp","href":"https:\/\/api.w.org\/{rel}","templated":true}]}}