{"id":48832,"date":"2019-07-27T09:24:16","date_gmt":"2019-07-27T13:24:16","guid":{"rendered":"https:\/\/linitiative.ca\/International\/ouargla-400-millions-da-pour-la-protection-de-la-ville-des-inondations\/"},"modified":"2019-07-27T09:24:16","modified_gmt":"2019-07-27T13:24:16","slug":"ouargla-400-millions-da-pour-la-protection-de-la-ville-des-inondations","status":"publish","type":"post","link":"https:\/\/linitiative.ca\/International\/ouargla-400-millions-da-pour-la-protection-de-la-ville-des-inondations\/","title":{"rendered":"Ouargla: 400 millions DA pour la protection de la ville des inondations"},"content":{"rendered":"<div>\n<div class=\"K2FeedImage\"><img decoding=\"async\" src=\"http:\/\/www.aps.dz\/media\/k2\/items\/cache\/bccc9ea057636c5790aab736bae29851_S.jpg\" alt=\"Ouargla: 400 millions DA pour la protection de la ville des inondations\"><\/div>\n<div class=\"K2FeedIntroText\">\n<p><strong>OUARGLA &#8211; Une enveloppe de 400 millions DA est consacr\u00e9e au titre du programme sectoriel de d\u00e9veloppement (PSD-2019) \u00e0 la r\u00e9alisation de la premi\u00e8re tranche du projet de protection du flanc Ouest de la ville de Ouargla des inondations, a-t-on appris de la direction locale des ressources en eau (DRE).<\/strong><\/p>\n<\/div>\n<div class=\"K2FeedFullText\">\n<p>La premi\u00e8re tranche de ce projet, dont les travaux ont \u00e9t\u00e9 lanc\u00e9s en avril dernier pour un d\u00e9lai de dix (10) mois, porte sur la r\u00e9alisation d\u2019une canalisation de 4 km de long pour la collecte des eaux des Oueds et vallons, en vue d\u2019\u00e9pargner \u00e0 la ville et \u00e0 ses habitants d\u2019\u00e9ventuels risques d\u2019inondation, a-t-on signal\u00e9.<\/p>\n<p>Par souci de renforcer la protection des zones inondables et de pallier \u00e0 toutes perturbations de la circulation, il a \u00e9t\u00e9 pr\u00e9vu dans le projet \u00e9galement la r\u00e9alisation de plusieurs ouvrages d\u2019arts susceptibles d\u2019assurer la fluidit\u00e9 de circulation automobile et pi\u00e9tonne, a-t-on ajout\u00e9.<\/p>\n<hr>\n<p><a href=\"http:\/\/www.aps.dz\/regions\/91824-protection-des-dangers-des-inondations-a-annaba-200-mns-da-pour-le-curage-des-oueds\">Lire aussi :\u00a0Protection des dangers des inondations \u00e0 Annaba: 200 mns DA pour le curage des oueds<\/a><\/p>\n<hr>\n<p>La canalisation de collecte, qui devra atteindre une longueur totale de 7 km une fois enti\u00e8rement r\u00e9alis\u00e9e et qui sera ouverte sur certains de ses tron\u00e7ons, sera couverte par contre au niveau des zones urbaines, en vue de les prot\u00e9ger d\u2019\u00e9ventuels risques.<\/p>\n<p>Les travaux de la seconde tranche du projet, \u00e9valu\u00e9e \u00e0 1,2 milliard DA, interviendront au terme des travaux actuels, selon la m\u00eame source.<\/p>\n<p>Lanc\u00e9s en 2013, les travaux du projet de la protection du flanc Ouest de la ville d\u00a0\u00a0\u00a0 e Ouargla des inondations avaient \u00e9t\u00e9 interrompus pour des raisons techniques, a-t-on fait savoir \u00e0 la DRE de Ouargla.<\/p>\n<\/div>\n<\/div>\n<p>Auteur:<br \/>\n<a href=\"http:\/\/www.aps.dz\/regions\/92521-ouargla-400-millions-da-pour-la-protection-de-la-ville-des-inondations\">Cliquez ici pour lire l&rsquo;article depuis sa source.<\/a><\/p>\n","protected":false},"excerpt":{"rendered":"<p>OUARGLA &#8211; Une enveloppe de 400 millions DA est consacr\u00e9e au titre du programme sectoriel de d\u00e9veloppement (PSD-2019) \u00e0 la r\u00e9alisation de la premi\u00e8re tranche du projet de protection du flanc Ouest de la ville de Ouargla des inondations, a-t-on appris de la direction locale des ressources en eau (DRE). La premi\u00e8re tranche de ce [&hellip;]<\/p>\n","protected":false},"author":1790,"featured_media":48833,"comment_status":"closed","ping_status":"closed","sticky":false,"template":"","format":"standard","meta":{"fifu_image_url":"","fifu_image_alt":"","footnotes":""},"categories":[53,76],"tags":[],"class_list":["post-48832","post","type-post","status-publish","format-standard","has-post-thumbnail","hentry","category-algerie","category-regions"],"_links":{"self":[{"href":"https:\/\/linitiative.ca\/International\/wp-json\/wp\/v2\/posts\/48832","targetHints":{"allow":["GET"]}}],"collection":[{"href":"https:\/\/linitiative.ca\/International\/wp-json\/wp\/v2\/posts"}],"about":[{"href":"https:\/\/linitiative.ca\/International\/wp-json\/wp\/v2\/types\/post"}],"author":[{"embeddable":true,"href":"https:\/\/linitiative.ca\/International\/wp-json\/wp\/v2\/users\/1790"}],"replies":[{"embeddable":true,"href":"https:\/\/linitiative.ca\/International\/wp-json\/wp\/v2\/comments?post=48832"}],"version-history":[{"count":0,"href":"https:\/\/linitiative.ca\/International\/wp-json\/wp\/v2\/posts\/48832\/revisions"}],"wp:featuredmedia":[{"embeddable":true,"href":"https:\/\/linitiative.ca\/International\/wp-json\/"}],"wp:attachment":[{"href":"https:\/\/linitiative.ca\/International\/wp-json\/wp\/v2\/media?parent=48832"}],"wp:term":[{"taxonomy":"category","embeddable":true,"href":"https:\/\/linitiative.ca\/International\/wp-json\/wp\/v2\/categories?post=48832"},{"taxonomy":"post_tag","embeddable":true,"href":"https:\/\/linitiative.ca\/International\/wp-json\/wp\/v2\/tags?post=48832"}],"curies":[{"name":"wp","href":"https:\/\/api.w.org\/{rel}","templated":true}]}}