{"id":48834,"date":"2019-07-27T09:31:40","date_gmt":"2019-07-27T13:31:40","guid":{"rendered":"https:\/\/linitiative.ca\/International\/el-bayadh-saisie-de-5-quintaux-de-kif-traite-a-boussemghoun\/"},"modified":"2019-07-27T09:31:40","modified_gmt":"2019-07-27T13:31:40","slug":"el-bayadh-saisie-de-5-quintaux-de-kif-traite-a-boussemghoun","status":"publish","type":"post","link":"https:\/\/linitiative.ca\/International\/el-bayadh-saisie-de-5-quintaux-de-kif-traite-a-boussemghoun\/","title":{"rendered":"El Bayadh: saisie de 5 quintaux de kif trait\u00e9 \u00e0 Boussemghoun"},"content":{"rendered":"<div>\n<div class=\"K2FeedImage\"><img decoding=\"async\" src=\"http:\/\/www.aps.dz\/media\/k2\/items\/cache\/bf551ab2782f0173f264ae759170d2f9_S.jpg\" alt=\"El Bayadh: saisie de 5 quintaux de kif trait\u00e9 \u00e0 Boussemghoun\"><\/div>\n<div class=\"K2FeedIntroText\">\n<p><strong>EL BAYADH &#8211; Les \u00e9l\u00e9ments du groupement territorial de la Gendarmerie nationale d\u2019El Bayadh ont saisi cinq quintaux de kif trait\u00e9 \u00e0 Boussemghoun \u00e0 l&rsquo;extr\u00eame sud de la wilaya, a-t-on appris samedi de ce corps de s\u00e9curit\u00e9.<\/strong><\/p>\n<\/div>\n<div class=\"K2FeedFullText\">\n<p>L\u2019op\u00e9ration a \u00e9t\u00e9 men\u00e9e, au niveau d\u2019un barrage de contr\u00f4le dress\u00e9 vendredi au carrefour reliant Boussemghoun \u00e0 Ain El Ouarka, localit\u00e9 relevant de la wilaya voisine de N\u00e2ama. A la vue de ce barrage, deux individus circulant \u00e0 bord d\u2019un v\u00e9hicule tout terrain ont tr\u00e8s vite rebrouss\u00e9 chemin et chang\u00e9 de direction avant que les gendarmes ne les prennent en chasse.<\/p>\n<p>Le v\u00e9hicule suspect a \u00e9t\u00e9 d\u00e9couvert abandonn\u00e9. Sa fouille a permis de d\u00e9couvrir les 5 quintaux de kif. Les passagers ont r\u00e9ussi \u00e0 prendre la fuite. Ils sont activement recherch\u00e9s.<\/p>\n<p>Une enqu\u00eate a \u00e9t\u00e9 ouverte pour identifier les mis en cause, ainsi que la provenance et la destination de cette drogue saisie, a-t-on indiqu\u00e9 de m\u00eame source.<\/p>\n<\/div>\n<\/div>\n<p>Auteur:<br \/>\n<a href=\"http:\/\/www.aps.dz\/regions\/92523-el-bayadh-saisie-de-5-quintaux-de-kif-traite-a-boussemghoun\">Cliquez ici pour lire l&rsquo;article depuis sa source.<\/a><\/p>\n","protected":false},"excerpt":{"rendered":"<p>EL BAYADH &#8211; Les \u00e9l\u00e9ments du groupement territorial de la Gendarmerie nationale d\u2019El Bayadh ont saisi cinq quintaux de kif trait\u00e9 \u00e0 Boussemghoun \u00e0 l&rsquo;extr\u00eame sud de la wilaya, a-t-on appris samedi de ce corps de s\u00e9curit\u00e9. L\u2019op\u00e9ration a \u00e9t\u00e9 men\u00e9e, au niveau d\u2019un barrage de contr\u00f4le dress\u00e9 vendredi au carrefour reliant Boussemghoun \u00e0 Ain [&hellip;]<\/p>\n","protected":false},"author":1790,"featured_media":48835,"comment_status":"closed","ping_status":"closed","sticky":false,"template":"","format":"standard","meta":{"fifu_image_url":"","fifu_image_alt":"","footnotes":""},"categories":[53,76],"tags":[],"class_list":["post-48834","post","type-post","status-publish","format-standard","has-post-thumbnail","hentry","category-algerie","category-regions"],"_links":{"self":[{"href":"https:\/\/linitiative.ca\/International\/wp-json\/wp\/v2\/posts\/48834","targetHints":{"allow":["GET"]}}],"collection":[{"href":"https:\/\/linitiative.ca\/International\/wp-json\/wp\/v2\/posts"}],"about":[{"href":"https:\/\/linitiative.ca\/International\/wp-json\/wp\/v2\/types\/post"}],"author":[{"embeddable":true,"href":"https:\/\/linitiative.ca\/International\/wp-json\/wp\/v2\/users\/1790"}],"replies":[{"embeddable":true,"href":"https:\/\/linitiative.ca\/International\/wp-json\/wp\/v2\/comments?post=48834"}],"version-history":[{"count":0,"href":"https:\/\/linitiative.ca\/International\/wp-json\/wp\/v2\/posts\/48834\/revisions"}],"wp:featuredmedia":[{"embeddable":true,"href":"https:\/\/linitiative.ca\/International\/wp-json\/"}],"wp:attachment":[{"href":"https:\/\/linitiative.ca\/International\/wp-json\/wp\/v2\/media?parent=48834"}],"wp:term":[{"taxonomy":"category","embeddable":true,"href":"https:\/\/linitiative.ca\/International\/wp-json\/wp\/v2\/categories?post=48834"},{"taxonomy":"post_tag","embeddable":true,"href":"https:\/\/linitiative.ca\/International\/wp-json\/wp\/v2\/tags?post=48834"}],"curies":[{"name":"wp","href":"https:\/\/api.w.org\/{rel}","templated":true}]}}