{"id":48836,"date":"2019-07-26T18:24:58","date_gmt":"2019-07-26T22:24:58","guid":{"rendered":"https:\/\/linitiative.ca\/International\/arrestation-dun-individu-soupconne-de-partager-une-video-dhomicide-commis-a-letranger\/"},"modified":"2019-07-26T18:24:58","modified_gmt":"2019-07-26T22:24:58","slug":"arrestation-dun-individu-soupconne-de-partager-une-video-dhomicide-commis-a-letranger","status":"publish","type":"post","link":"https:\/\/linitiative.ca\/International\/arrestation-dun-individu-soupconne-de-partager-une-video-dhomicide-commis-a-letranger\/","title":{"rendered":"Arrestation d\u2019un individu soup\u00e7onn\u00e9 de partager une vid\u00e9o d\u2019homicide commis \u00e0 l\u2019\u00e9tranger"},"content":{"rendered":"<div class=\"single-featured\"><img alt=\"\" data-src=\"http:\/\/www.mapoujda.ma\/map\/uploads\/2019\/07\/Arrestation-dun-individu-\u00e0-Oujda-M750\u00d7430.jpg\"\/><\/div>\n<div class=\"single-post-excerpt post-excerpt-bc\" readability=\"39\">\n<p>Le service pr\u00e9fectoral de la police judiciaire d\u2019Oujda a arr\u00eat\u00e9, vendredi en coordination avec les services techniques centraux de la Direction g\u00e9n\u00e9rale de la S\u00fbret\u00e9 nationale (DGSN), un individu soup\u00e7onn\u00e9 de diffuser et de partager, de mani\u00e8re falsifi\u00e9e sur les r\u00e9seaux sociaux, une vid\u00e9o montrant un homicide commis \u00e0 l\u2019\u00e9tranger.<\/p>\n<\/div>\n<div class=\"entry-content clearfix single-post-content\" readability=\"49\">\n<p>L\u2019interpellation du mis en cause, \u00e2g\u00e9 de 42 ans, intervient dans le cadre des recherches et investigations men\u00e9es par les services de la DGSN, sous la supervision des diff\u00e9rents parquets comp\u00e9tents, apr\u00e8s la diffusion d\u2019un enregistrement vid\u00e9o montrant un homicide volontaire commis dans un pays d\u2019Am\u00e9rique latine, tout en affirmant faussement qu\u2019il s\u2019agit d\u2019un crime ayant eu lieu \u00e0 la Gare routi\u00e8re Ouled Ziane \u00e0 Casablanca, indique la DGSN dans un communiqu\u00e9.<\/p>\n<p>Le mis en cause a \u00e9t\u00e9 plac\u00e9 en garde \u00e0 vue \u00e0 la disposition de l\u2019enqu\u00eate men\u00e9e sous la supervision du parquet comp\u00e9tent, alors que les recherches et investigations se poursuivent pour identifier tous les complices dans le partage de vid\u00e9os montrant des crimes commis \u00e0 l\u2019\u00e9tranger, tout en les attribuant au Maroc, conclut le communiqu\u00e9.<\/p>\n<\/div>\n<p>Auteur: Soufiane ELAHMAR<br \/>\n<a href=\"http:\/\/www.mapoujda.ma\/fr\/arrestation-dun-individu-soupconne-de-partager-une-video-dhomicide-commis-a-letranger\/\">Cliquez ici pour lire l&rsquo;article depuis sa source.<\/a><\/p>\n","protected":false},"excerpt":{"rendered":"<p>Le service pr\u00e9fectoral de la police judiciaire d\u2019Oujda a arr\u00eat\u00e9, vendredi en coordination avec les services techniques centraux de la Direction g\u00e9n\u00e9rale de la S\u00fbret\u00e9 nationale (DGSN), un individu soup\u00e7onn\u00e9 de diffuser et de partager, de mani\u00e8re falsifi\u00e9e sur les r\u00e9seaux sociaux, une vid\u00e9o montrant un homicide commis \u00e0 l\u2019\u00e9tranger. L\u2019interpellation du mis en cause, [&hellip;]<\/p>\n","protected":false},"author":1788,"featured_media":48837,"comment_status":"closed","ping_status":"closed","sticky":false,"template":"","format":"standard","meta":{"fifu_image_url":"","fifu_image_alt":"","footnotes":""},"categories":[54,76],"tags":[],"class_list":["post-48836","post","type-post","status-publish","format-standard","has-post-thumbnail","hentry","category-maroc","category-regions"],"_links":{"self":[{"href":"https:\/\/linitiative.ca\/International\/wp-json\/wp\/v2\/posts\/48836","targetHints":{"allow":["GET"]}}],"collection":[{"href":"https:\/\/linitiative.ca\/International\/wp-json\/wp\/v2\/posts"}],"about":[{"href":"https:\/\/linitiative.ca\/International\/wp-json\/wp\/v2\/types\/post"}],"author":[{"embeddable":true,"href":"https:\/\/linitiative.ca\/International\/wp-json\/wp\/v2\/users\/1788"}],"replies":[{"embeddable":true,"href":"https:\/\/linitiative.ca\/International\/wp-json\/wp\/v2\/comments?post=48836"}],"version-history":[{"count":0,"href":"https:\/\/linitiative.ca\/International\/wp-json\/wp\/v2\/posts\/48836\/revisions"}],"wp:featuredmedia":[{"embeddable":true,"href":"https:\/\/linitiative.ca\/International\/wp-json\/"}],"wp:attachment":[{"href":"https:\/\/linitiative.ca\/International\/wp-json\/wp\/v2\/media?parent=48836"}],"wp:term":[{"taxonomy":"category","embeddable":true,"href":"https:\/\/linitiative.ca\/International\/wp-json\/wp\/v2\/categories?post=48836"},{"taxonomy":"post_tag","embeddable":true,"href":"https:\/\/linitiative.ca\/International\/wp-json\/wp\/v2\/tags?post=48836"}],"curies":[{"name":"wp","href":"https:\/\/api.w.org\/{rel}","templated":true}]}}