{"id":48838,"date":"2019-07-26T18:29:51","date_gmt":"2019-07-26T22:29:51","guid":{"rendered":"https:\/\/linitiative.ca\/International\/fete-du-trone-lancement-de-projets-de-developpement\/"},"modified":"2019-07-26T18:29:51","modified_gmt":"2019-07-26T22:29:51","slug":"fete-du-trone-lancement-de-projets-de-developpement","status":"publish","type":"post","link":"https:\/\/linitiative.ca\/International\/fete-du-trone-lancement-de-projets-de-developpement\/","title":{"rendered":"F\u00eate du Tr\u00f4ne: Lancement de projets de d\u00e9veloppement"},"content":{"rendered":"<div readability=\"35\">\n<p>Des projets de d\u00e9veloppement socio-\u00e9conomique ont \u00e9t\u00e9 lanc\u00e9s ou inaugur\u00e9s, jeudi dans la province de Taourirt, \u00e0 l\u2019occasion de la c\u00e9l\u00e9bration du 20\u00e8me anniversaire de la F\u00eate du Tr\u00f4ne.<\/p>\n<\/div>\n<div readability=\"130\">\n<p>Une d\u00e9l\u00e9gation constitu\u00e9e du gouverneur de la province de Taourirt, Larbi Touijer, du pr\u00e9sident du Conseil de la r\u00e9gion de l\u2019Oriental, Abdenbi Bioui, du directeur g\u00e9n\u00e9ral de l\u2019Agence de l\u2019Oriental, Mohamed Mbarki, de repr\u00e9sentants des autorit\u00e9s locales, d\u2019\u00e9lus et de chefs de services ext\u00e9rieurs, s\u2019est ainsi rendue \u00e0 la commune rurale Ahl Oued Za o\u00f9 elle a lanc\u00e9 les travaux de construction d\u2019une route non num\u00e9rot\u00e9e reliant la route nationale n\u00b019 au village d\u2019Ousraf, sur une distance de 7,4 km.<\/p>\n<p>Le projet, qui n\u00e9cessitera six mois de travaux, est dot\u00e9 d\u2019une enveloppe de cinq\u00a0 millions de dirhams (MDH), apport\u00e9e par le minist\u00e8re de l\u2019Equipement, du transport et de l\u2019eau (60 pc) et l\u2019Agence de l\u2019Oriental (40 pc), dans le cadre d\u2019une convention de partenariat.<\/p>\n<p>L\u2019objectif de ce projet est de contribuer au d\u00e9senclavement du milieu rural et promouvoir le d\u00e9veloppement socio-\u00e9conomique dans la r\u00e9gion.<\/p>\n<p>Par la m\u00eame occasion, il a \u00e9t\u00e9 proc\u00e9d\u00e9 au lancement des travaux de construction d\u2019une autre route reliant la route nationale n\u00b019 \u00e0 Ousraf sur une distance de 2,6 km, un projet port\u00e9 par l\u2019Agence r\u00e9gionale d\u2019ex\u00e9cution des projets de l\u2019Oriental en partenariat avec la Direction g\u00e9n\u00e9rale des collectivit\u00e9s locales (DGCL), la wilaya de la r\u00e9gion de l\u2019Oriental, le Conseil de la r\u00e9gion et la province de Taourirt.<\/p>\n<p>Ce projet, qui fait partie du volet d\u00e9senclavement inscrit dans le cadre du Programme de d\u00e9veloppement de la r\u00e9gion de l\u2019Oriental, est dot\u00e9 d\u2019une enveloppe de 1,73 MDH et n\u00e9cessitera six mois de travaux, avec pour objectif de d\u00e9senclaver les douars de cette zone et contribuer au d\u00e9veloppement socio-\u00e9conomique des communes rurales.<\/p>\n<p>La d\u00e9l\u00e9gation s\u2019est ensuite rendue \u00e0 la commune rurale de Sidi Ali Belkassem, o\u00f9 il a \u00e9t\u00e9 proc\u00e9d\u00e9 au lancement des travaux de plusieurs routes inscrites dans le cadre du volet d\u00e9senclavement inscrit dans le cadre du Programme de d\u00e9veloppement de la r\u00e9gion de l\u2019Oriental, des projets port\u00e9s par l\u2019Agence r\u00e9gionale d\u2019ex\u00e9cution des projets de l\u2019Oriental.<\/p>\n<p><img class=\"wp-image-13471 aligncenter\" data-src=\"http:\/\/www.mapoujda.ma\/map\/uploads\/2019\/07\/Lancement-de-projets-\u00e9conomiques-\u00e0-Taourirt-M750\u00d74301.jpg\" alt=\"\" width=\"523\" height=\"300\" srcset=\"http:\/\/www.mapoujda.ma\/map\/uploads\/2019\/07\/Lancement-de-projets-\u00e9conomiques-\u00e0-Taourirt-M750\u00d74301.jpg 750w, http:\/\/www.mapoujda.ma\/map\/uploads\/2019\/07\/Lancement-de-projets-\u00e9conomiques-\u00e0-Taourirt-M750\u00d74301-300x172.jpg 300w\" sizes=\"(max-width: 523px) 100vw, 523px\"\/><\/p>\n<p>Il s\u2019agit de la route de d\u00e9senclavement de Karibou dans la commune de Sidi Ali Belkassem sur une distance de 10 km (6,5 MDH), ainsi que de la route de Lalla Mimouna (13,9 km\/17,2 MDH) et de celle de Ras El Oued\u00a0 (1,7 km\/1,8 MDH) dans la m\u00eame commune.<\/p>\n<p>Il est question \u00e9galement de la route de Tagharist dans la commune de Melqa El Ouidane (4,8 km\/6 MDH) et de la route de Bouamrout dans la commune de Mechra\u00e2 Hamadi (5 km\/5 MDH).<\/p>\n<p>Par la suite, la d\u00e9l\u00e9gation s\u2019est rendue dans le centre de Debdou pour donner le coup d\u2019envoi des travaux du projet de mise \u00e0 niveau et d\u2019am\u00e9nagement du tissu urbain ancien de Debdou, men\u00e9 par la soci\u00e9t\u00e9 Al Omran-R\u00e9gion de l\u2019Oriental, en partenariat avec la Direction g\u00e9n\u00e9rale des collectivit\u00e9s locales, l\u2019Agence de l\u2019Oriental, la province de Taourirt et la commune de Debdou.<\/p>\n<p>Ce projet vise la mise \u00e0 niveau du tissu urbain ancien de Debdou et la pr\u00e9servation du patrimoine culturel et civilisationnel de cette ville, en plus de l\u2019am\u00e9nagement d\u2019une place publique et d\u2019un espace de loisir, la mise en place d\u2019un circuit touristique, la mise en valeur des monuments historiques et la cr\u00e9ation d\u2019activit\u00e9s g\u00e9n\u00e9ratrices de revenu.<\/p>\n<p>Il a \u00e9galement \u00e9t\u00e9 proc\u00e9d\u00e9 \u00e0 l\u2019inauguration d\u2019une piscine \u00e0 Debdou, un projet r\u00e9alis\u00e9 par le minist\u00e8re de la Jeunesse et des sports en partenariat avec la commune de Debdou et l\u2019Agence de l\u2019Oriental pour un montant de 2,7 MDH.<\/p>\n<p>Cette infrastructure sportive et de loisir est dot\u00e9e d\u2019une piscine, de gradins, de vestiaires et sanitaires et d\u2019une buvette.<\/p>\n<p>A noter que d\u2019autres projets de d\u00e9veloppement doivent \u00eatre inaugur\u00e9s dans les jours \u00e0 venir dans la province de Taourirt \u00e0 l\u2019occasion de la c\u00e9l\u00e9bration du 20\u00e8me anniversaire de la F\u00eate du Tr\u00f4ne.<\/p>\n<\/div>\n<p>Auteur: Soufiane ELAHMAR<br \/>\n<a href=\"http:\/\/www.mapoujda.ma\/fr\/fete-du-trone-lancement-de-projets-de-developpement\/\">Cliquez ici pour lire l&rsquo;article depuis sa source.<\/a><\/p>\n","protected":false},"excerpt":{"rendered":"<p>Des projets de d\u00e9veloppement socio-\u00e9conomique ont \u00e9t\u00e9 lanc\u00e9s ou inaugur\u00e9s, jeudi dans la province de Taourirt, \u00e0 l\u2019occasion de la c\u00e9l\u00e9bration du 20\u00e8me anniversaire de la F\u00eate du Tr\u00f4ne. Une d\u00e9l\u00e9gation constitu\u00e9e du gouverneur de la province de Taourirt, Larbi Touijer, du pr\u00e9sident du Conseil de la r\u00e9gion de l\u2019Oriental, Abdenbi Bioui, du directeur g\u00e9n\u00e9ral [&hellip;]<\/p>\n","protected":false},"author":1788,"featured_media":48839,"comment_status":"closed","ping_status":"closed","sticky":false,"template":"","format":"standard","meta":{"fifu_image_url":"","fifu_image_alt":"","footnotes":""},"categories":[54,76],"tags":[],"class_list":["post-48838","post","type-post","status-publish","format-standard","has-post-thumbnail","hentry","category-maroc","category-regions"],"_links":{"self":[{"href":"https:\/\/linitiative.ca\/International\/wp-json\/wp\/v2\/posts\/48838","targetHints":{"allow":["GET"]}}],"collection":[{"href":"https:\/\/linitiative.ca\/International\/wp-json\/wp\/v2\/posts"}],"about":[{"href":"https:\/\/linitiative.ca\/International\/wp-json\/wp\/v2\/types\/post"}],"author":[{"embeddable":true,"href":"https:\/\/linitiative.ca\/International\/wp-json\/wp\/v2\/users\/1788"}],"replies":[{"embeddable":true,"href":"https:\/\/linitiative.ca\/International\/wp-json\/wp\/v2\/comments?post=48838"}],"version-history":[{"count":0,"href":"https:\/\/linitiative.ca\/International\/wp-json\/wp\/v2\/posts\/48838\/revisions"}],"wp:featuredmedia":[{"embeddable":true,"href":"https:\/\/linitiative.ca\/International\/wp-json\/"}],"wp:attachment":[{"href":"https:\/\/linitiative.ca\/International\/wp-json\/wp\/v2\/media?parent=48838"}],"wp:term":[{"taxonomy":"category","embeddable":true,"href":"https:\/\/linitiative.ca\/International\/wp-json\/wp\/v2\/categories?post=48838"},{"taxonomy":"post_tag","embeddable":true,"href":"https:\/\/linitiative.ca\/International\/wp-json\/wp\/v2\/tags?post=48838"}],"curies":[{"name":"wp","href":"https:\/\/api.w.org\/{rel}","templated":true}]}}