{"id":48840,"date":"2019-07-27T10:44:40","date_gmt":"2019-07-27T14:44:40","guid":{"rendered":"https:\/\/linitiative.ca\/International\/ouverture-de-la-3eme-edition-de-la-semaine-verte\/"},"modified":"2019-07-27T10:44:40","modified_gmt":"2019-07-27T14:44:40","slug":"ouverture-de-la-3eme-edition-de-la-semaine-verte","status":"publish","type":"post","link":"https:\/\/linitiative.ca\/International\/ouverture-de-la-3eme-edition-de-la-semaine-verte\/","title":{"rendered":"Ouverture de la 3\u00e8me \u00e9dition de la \u00abSemaine Verte\u00bb"},"content":{"rendered":"<p class=\"c1\">La 3\u00e8me \u00e9dition de la \u00abSemaine Verte\u00bb, une initiative de l\u2019association \u00abSmile\u00bb de la culture, s\u2019est ouverte vendredi soir \u00e0 Nador avec un programme riche en activit\u00e9s visant la promotion de la culture environnementale et la sensibilisation \u00e0 l\u2019importance de l\u2019efficacit\u00e9 \u00e9nerg\u00e9tique et des \u00e9nergies renouvelables.<\/p>\n<p class=\"c1\">Cet \u00e9v\u00e8nement, qui se poursuit jusqu\u2019au 1er ao\u00fbt sous le th\u00e8me \u00abl\u2019efficacit\u00e9 \u00e9nerg\u00e9tique : l\u2019exemple du Maroc\u00bb, a \u00e9t\u00e9 inaugur\u00e9 par la secr\u00e9taire d\u2019Etat charg\u00e9e du D\u00e9veloppement durable, Nezha El Ouafi, en pr\u00e9sence du gouverneur de la province de Nador, Ali Khalil, d\u2019\u00e9lus, de repr\u00e9sentants des autorit\u00e9s locales et d\u2019acteurs de la soci\u00e9t\u00e9 civile.<\/p>\n<p class=\"c1\">Le lancement de cette manifestation a \u00e9t\u00e9 marqu\u00e9e par l\u2019inauguration d\u2019un salon r\u00e9gional de l\u2019efficacit\u00e9 \u00e9nerg\u00e9tique et de l\u2019environnement, organis\u00e9 sur la corniche de Nador et auquel participent plusieurs coop\u00e9ratives et entreprises de la r\u00e9gion, qui exposent des \u00e9quipements et des solutions innovantes en mati\u00e8re d\u2019\u00e9nergies renouvelables, d\u2019efficacit\u00e9 \u00e9nerg\u00e9tique et d\u2019\u00e9conomie circulaire.<\/p>\n<p class=\"c1\">La Semaine Verte, organis\u00e9e \u00e0 l\u2019occasion de la c\u00e9l\u00e9bration du 20\u00e8me anniversaire de la F\u00eate du Tr\u00f4ne, a pour objectif de sensibiliser aux enjeux environnementaux, au droit \u00e0 un environnement sain et \u00e0 l\u2019importance du d\u00e9veloppement durable, indiquent les organisateurs.<\/p>\n<p><img class=\"wp-image-13480 aligncenter\" data-src=\"http:\/\/www.mapoujda.ma\/map\/uploads\/2019\/07\/inauguration-d\u2019un-salon-r\u00e9gional-de-l\u2019efficacit\u00e9-\u00e9nerg\u00e9tique-M750\u00d7430.jpg\" alt=\"\" width=\"523\" height=\"300\" srcset=\"http:\/\/www.mapoujda.ma\/map\/uploads\/2019\/07\/inauguration-d\u2019un-salon-r\u00e9gional-de-l\u2019efficacit\u00e9-\u00e9nerg\u00e9tique-M750\u00d7430.jpg 750w, http:\/\/www.mapoujda.ma\/map\/uploads\/2019\/07\/inauguration-d\u2019un-salon-r\u00e9gional-de-l\u2019efficacit\u00e9-\u00e9nerg\u00e9tique-M750\u00d7430-300x172.jpg 300w\" sizes=\"(max-width: 523px) 100vw, 523px\"\/><\/p>\n<p class=\"c1\">Dans une allocution \u00e0 l\u2019ouverture de cette \u00e9dition, Mme El Ouafi a mis exergue les progr\u00e8s r\u00e9alis\u00e9s par le Maroc dans le domaine des \u00e9nergies renouvelables et de l\u2019efficacit\u00e9 \u00e9nerg\u00e9tique, notant que 35% de l\u2019\u00e9nergie produite au Maroc proviennent de sources renouvelables, ajoutant que le Maroc figure parmi les pays pionnier en mati\u00e8re de transition \u00e9nerg\u00e9tique, gr\u00e2ce aux Hautes orientations de SM le Roi Mohammed VI.<\/p>\n<p class=\"c1\">Elle a aussi mis l\u2019accent sur l\u2019importance de la Strat\u00e9gie nationale de d\u00e9veloppement durable en tant que vision int\u00e9gr\u00e9e pour la transition \u00e9nerg\u00e9tique et levier du d\u00e9veloppement durable au niveau local et national, avec un int\u00e9r\u00eat particulier port\u00e9 \u00e0 l\u2019efficacit\u00e9 \u00e9nerg\u00e9tique.<\/p>\n<p class=\"c1\">Mme El Ouafi a, en outre, appel\u00e9 \u00e0 la conjugaison des efforts de l\u2019ensemble des intervenants institutionnels, du secteur priv\u00e9 et de la soci\u00e9t\u00e9 civile ainsi que des citoyens pour r\u00e9aliser les objectifs du d\u00e9veloppement durable, notant que la r\u00e9ussite de ce grand chantier n\u00e9cessite la contribution de tous.<\/p>\n<p class=\"c1\">Le programme de cette \u00e9dition pr\u00e9voit plusieurs activit\u00e9s, notamment l\u2019initiative \u00abUne corniche sans voitures\u00bb visant \u00e0 promouvoir l\u2019utilisation des moyens de transport \u00e9cologiques, une caravane de l\u2019efficacit\u00e9 \u00e9nerg\u00e9tique, des ateliers sur les \u00e9nergies renouvelables, un concours de plogging et un colloque international sur le th\u00e8me de cette \u00e9dition.<\/p>\n<p>Auteur: Soufiane ELAHMAR<br \/>\n<a href=\"http:\/\/www.mapoujda.ma\/fr\/ouverture-de-la-3eme-edition-de-la-semaine-verte\/\">Cliquez ici pour lire l&rsquo;article depuis sa source.<\/a><\/p>\n","protected":false},"excerpt":{"rendered":"<p>La 3\u00e8me \u00e9dition de la \u00abSemaine Verte\u00bb, une initiative de l\u2019association \u00abSmile\u00bb de la culture, s\u2019est ouverte vendredi soir \u00e0 Nador avec un programme riche en activit\u00e9s visant la promotion de la culture environnementale et la sensibilisation \u00e0 l\u2019importance de l\u2019efficacit\u00e9 \u00e9nerg\u00e9tique et des \u00e9nergies renouvelables. Cet \u00e9v\u00e8nement, qui se poursuit jusqu\u2019au 1er ao\u00fbt sous [&hellip;]<\/p>\n","protected":false},"author":1788,"featured_media":48841,"comment_status":"closed","ping_status":"closed","sticky":false,"template":"","format":"standard","meta":{"fifu_image_url":"","fifu_image_alt":"","footnotes":""},"categories":[54,76],"tags":[],"class_list":["post-48840","post","type-post","status-publish","format-standard","has-post-thumbnail","hentry","category-maroc","category-regions"],"_links":{"self":[{"href":"https:\/\/linitiative.ca\/International\/wp-json\/wp\/v2\/posts\/48840","targetHints":{"allow":["GET"]}}],"collection":[{"href":"https:\/\/linitiative.ca\/International\/wp-json\/wp\/v2\/posts"}],"about":[{"href":"https:\/\/linitiative.ca\/International\/wp-json\/wp\/v2\/types\/post"}],"author":[{"embeddable":true,"href":"https:\/\/linitiative.ca\/International\/wp-json\/wp\/v2\/users\/1788"}],"replies":[{"embeddable":true,"href":"https:\/\/linitiative.ca\/International\/wp-json\/wp\/v2\/comments?post=48840"}],"version-history":[{"count":0,"href":"https:\/\/linitiative.ca\/International\/wp-json\/wp\/v2\/posts\/48840\/revisions"}],"wp:featuredmedia":[{"embeddable":true,"href":"https:\/\/linitiative.ca\/International\/wp-json\/"}],"wp:attachment":[{"href":"https:\/\/linitiative.ca\/International\/wp-json\/wp\/v2\/media?parent=48840"}],"wp:term":[{"taxonomy":"category","embeddable":true,"href":"https:\/\/linitiative.ca\/International\/wp-json\/wp\/v2\/categories?post=48840"},{"taxonomy":"post_tag","embeddable":true,"href":"https:\/\/linitiative.ca\/International\/wp-json\/wp\/v2\/tags?post=48840"}],"curies":[{"name":"wp","href":"https:\/\/api.w.org\/{rel}","templated":true}]}}