{"id":48842,"date":"2019-07-27T15:14:20","date_gmt":"2019-07-27T19:14:20","guid":{"rendered":"https:\/\/linitiative.ca\/International\/ligue-1-2-aso-les-supporters-furieux\/"},"modified":"2019-07-27T15:14:20","modified_gmt":"2019-07-27T19:14:20","slug":"ligue-1-2-aso-les-supporters-furieux","status":"publish","type":"post","link":"https:\/\/linitiative.ca\/International\/ligue-1-2-aso-les-supporters-furieux\/","title":{"rendered":"Ligue 1 &amp; 2 : ASO : Les supporters furieux"},"content":{"rendered":"<div readability=\"32\">\n<p>Auteur : <span>H.M.<\/span> <span class=\"time\">samedi 27 juillet 2019 14:37<\/span><\/p>\n<\/div>\n<div id=\"post_core\" readability=\"61\">\n<p>En d\u00e9pit de l\u2019accession, le d\u00e9but de la saison pour l\u2019ASO reste l\u2019un des plus mauvais dans toute son histoire. Ainsi, la direction a rat\u00e9 son recrutement, en alignant jusqu\u2019\u00e0 l\u2019heure que trois joueurs, contre onze lib\u00e9r\u00e9s. Aucun sponsor ne s\u2019est pr\u00e9sent\u00e9 pour aider l\u2019\u00e9quipe. Pas d\u2019assembl\u00e9e g\u00e9n\u00e9rale et la non r\u00e9gularisation des joueurs concernant leurs salaires de la saison derni\u00e8re, sans oublier le retard dans la pr\u00e9paration, donc tout cela aura de graves r\u00e9percussions sur le rendement de l\u2019\u00e9quipe au cours de la saison. Pour le moment, aucune strat\u00e9gie n\u2019a \u00e9t\u00e9 \u00e9tablie pour le futur exercice. Le staff technique a, \u00e0 plusieurs reprises, demand\u00e9 un renforcement de qualit\u00e9, mais la direction s\u2019est content\u00e9e d\u2019en ramener que trois \u00e9l\u00e9ments dont on ignore le rendement et un autre encore sous les essais. Cela voudra dire que le staff technique comptera sur la composante de l\u2019exercice \u00e9coul\u00e9 qui est amoindri avec le d\u00e9part de onze joueurs d\u2019exp\u00e9rience.<br \/><strong>Plusieurs \u00e9l\u00e9ments ont demand\u00e9 leurs papiers<\/strong><br \/>La situation que traverse l\u2019\u00e9quipe, avec l\u2019absence de fonds et le manque de moyens, a incit\u00e9 plusieurs joueurs \u00e0 r\u00e9clamer leurs papiers pour changer d\u2019air. Zaoui n\u2019a pu les convaincre de rester pour le second stage d\u2019A\u00efn El Draham. En attendant de r\u00e9gler le probl\u00e8me des \u00e9l\u00e9ments de la saison pass\u00e9e qui se sont manifest\u00e9s pour leur argent, d\u2019autant plus qu\u2019ils ont trouv\u00e9 que le groupe s\u2019est vid\u00e9 et la direction n\u2019a pas ramen\u00e9 de grands noms pour renforcer son effectif, ce qui compliquera leur t\u00e2che cette saison.<br \/><strong>\u00a0Pas de discipline<\/strong><br \/>L\u2019absence de discipline dans le groupe commence \u00e0 se faire ressentir clairement \u00e0 l\u2019entame du premier stage, car plusieurs cas disciplinaires ont compliqu\u00e9 le stage de Chlef. Zaoui a eu affaire \u00e0 des cas difficiles, notamment avec des joueurs impay\u00e9s. D\u2019ailleurs, on d\u00e9nombre le cas des deux portiers qui ont \u00e9t\u00e9 soutenus par les dirigeants, malgr\u00e9 leur infraction contre le coach, qui les ont impos\u00e9s pour revenir dans le groupe. A cela, il faut ajouter la liste de ces joueurs ayant attendu plusieurs jours pour rentrer en groupe. D\u2019autres qui ont demand\u00e9 leurs papiers, ce qui prouve que le club \u00e9tait mal g\u00e9r\u00e9.<br \/><strong>Zaoui prendra la responsabilit\u00e9<\/strong><br \/>Dans tous les cas, Zaoui sera le premier responsable de tout ce chamboulement, apr\u00e8s avoir accept\u00e9 cette mission sans garanties. M\u00eame s\u2019il a \u00e9t\u00e9 conseill\u00e9 de s\u2019\u00e9loigner de l\u2019\u00e9quipe, notamment sans l\u2019aide de la direction qui refuse de consentir des efforts sur le plan financier, en ne renfor\u00e7ant ni le conseil d\u2019administration ni ramener d\u2019autres ressources, le coach devra assumer seul ses responsabilit\u00e9s et prouver qu\u2019il peut b\u00e2tir une \u00e9quipe comp\u00e9titive dans ces conditions-l\u00e0.<br \/>\u00a0<\/p>\n<p><strong>Publi\u00e9 dans :<\/strong> <span>ASO<\/span> <span>Zaoui<\/span><\/p>\n<\/div>\n<p>Auteur:<br \/>\n<a href=\"http:\/\/www.lebuteur.com\/article\/detail?titre=aso-les-supporters-furieux&#038;id=90701&#038;utm_source=feedburner&#038;utm_medium=feed&#038;utm_campaign=Feed%3A+GalerieFArtciles+%28Les+derniers+articles++-+lebuteur.com%29\">Cliquez ici pour lire l&rsquo;article depuis sa source.<\/a><\/p>\n","protected":false},"excerpt":{"rendered":"<p>Auteur : H.M. samedi 27 juillet 2019 14:37 En d\u00e9pit de l\u2019accession, le d\u00e9but de la saison pour l\u2019ASO reste l\u2019un des plus mauvais dans toute son histoire. Ainsi, la direction a rat\u00e9 son recrutement, en alignant jusqu\u2019\u00e0 l\u2019heure que trois joueurs, contre onze lib\u00e9r\u00e9s. Aucun sponsor ne s\u2019est pr\u00e9sent\u00e9 pour aider l\u2019\u00e9quipe. Pas d\u2019assembl\u00e9e [&hellip;]<\/p>\n","protected":false},"author":1738,"featured_media":48843,"comment_status":"closed","ping_status":"closed","sticky":false,"template":"","format":"standard","meta":{"fifu_image_url":"","fifu_image_alt":"","footnotes":""},"categories":[53,75],"tags":[],"class_list":["post-48842","post","type-post","status-publish","format-standard","has-post-thumbnail","hentry","category-algerie","category-sport"],"_links":{"self":[{"href":"https:\/\/linitiative.ca\/International\/wp-json\/wp\/v2\/posts\/48842","targetHints":{"allow":["GET"]}}],"collection":[{"href":"https:\/\/linitiative.ca\/International\/wp-json\/wp\/v2\/posts"}],"about":[{"href":"https:\/\/linitiative.ca\/International\/wp-json\/wp\/v2\/types\/post"}],"author":[{"embeddable":true,"href":"https:\/\/linitiative.ca\/International\/wp-json\/wp\/v2\/users\/1738"}],"replies":[{"embeddable":true,"href":"https:\/\/linitiative.ca\/International\/wp-json\/wp\/v2\/comments?post=48842"}],"version-history":[{"count":0,"href":"https:\/\/linitiative.ca\/International\/wp-json\/wp\/v2\/posts\/48842\/revisions"}],"wp:featuredmedia":[{"embeddable":true,"href":"https:\/\/linitiative.ca\/International\/wp-json\/"}],"wp:attachment":[{"href":"https:\/\/linitiative.ca\/International\/wp-json\/wp\/v2\/media?parent=48842"}],"wp:term":[{"taxonomy":"category","embeddable":true,"href":"https:\/\/linitiative.ca\/International\/wp-json\/wp\/v2\/categories?post=48842"},{"taxonomy":"post_tag","embeddable":true,"href":"https:\/\/linitiative.ca\/International\/wp-json\/wp\/v2\/tags?post=48842"}],"curies":[{"name":"wp","href":"https:\/\/api.w.org\/{rel}","templated":true}]}}