{"id":48846,"date":"2019-07-27T15:14:23","date_gmt":"2019-07-27T19:14:23","guid":{"rendered":"https:\/\/linitiative.ca\/International\/ligue-1-2-crb-boulekhoua-on-a-les-armes-pour-jouer-sur-les-quatre-fronts\/"},"modified":"2019-07-27T15:14:23","modified_gmt":"2019-07-27T19:14:23","slug":"ligue-1-2-crb-boulekhoua-on-a-les-armes-pour-jouer-sur-les-quatre-fronts","status":"publish","type":"post","link":"https:\/\/linitiative.ca\/International\/ligue-1-2-crb-boulekhoua-on-a-les-armes-pour-jouer-sur-les-quatre-fronts\/","title":{"rendered":"Ligue 1 &amp; 2 : CRB &#8211; Boulekhoua: \u00abOn a les armes pour jouer sur les quatre fronts\u00bb"},"content":{"rendered":"<div readability=\"32\">\n<p>Auteur : <span>Islam Tazibt<\/span> <span class=\"time\">samedi 27 juillet 2019 14:37<\/span><\/p>\n<\/div>\n<div id=\"post_core\" readability=\"109\">\n<p><strong>Apr\u00e8s le stage de Tunisie, vous avez attaqu\u00e9 la derni\u00e8re ligne droite avant le retour de la comp\u00e9tition officielle. Comment vous pr\u00e9parez-vous ?<\/strong><br \/>On sort d\u2019un stage tr\u00e8s intense en Tunisie o\u00f9 nous avons \u00e9norm\u00e9ment travaill\u00e9 l\u2019aspect physique. Les membres du staff technique nous ont concoct\u00e9 un programme de travail riche et vari\u00e9. M\u00eame si la charge \u00e9tait tr\u00e8s importante, nous n\u2019avons aucunement ressenti de l\u2019ennui. Bien au contraire, les joueurs ont affich\u00e9 un \u00e9tat d\u2019esprit incroyable. Et c\u2019est avec le m\u00eame \u00e9tat d\u2019esprit et le m\u00eame s\u00e9rieux qu\u2019on attaque cette derni\u00e8re ligne droite durant laquelle on travaillera beaucoup plus le c\u00f4t\u00e9 tactique.<br \/><strong>Pensez-vous \u00eatre pr\u00eats pour le match de Coupe de la CAF ?<\/strong><br \/>On ne sera peut-\u00eatre pas \u00e0 cent pour cent de nos moyens. Ce qui est tout \u00e0 fait normal. Mais bon, on sera tout de m\u00eame dans une forme qui nous permettra de d\u00e9fendre nos chances \u00e0 fond. On a repris les entrainements assez t\u00f4t. Et il nous reste encore deux semaines de travail avant cette rencontre. En tout cas, on aura fait les six semaines de pr\u00e9paration. On jouera aussi quelques rencontres amicales prochainement pour progresser en tant qu\u2019\u00e9quipe avant la r\u00e9ception de l\u2019AS Coton Tchad.<br \/><strong>Comment jugez-vous l\u2019effectif de cette saison ?<\/strong><br \/>J\u2019ai enti\u00e8rement confiance en la direction et en les membres du staff technique. Je pense que le club a r\u00e9alis\u00e9 un joli mercato. La direction a su attirer plusieurs bons joueurs. Des joueurs de qualit\u00e9 qui apporteront tr\u00e8s certainement un plus \u00e0 l\u2019\u00e9quipe. Et puis, le plus gros de l\u2019effectif de la saison derni\u00e8re a \u00e9t\u00e9 maintenu. Il y a eu stabilit\u00e9 de ce point de vue-l\u00e0. Ce qui est judicieux \u00e0 mon avis car la stabilit\u00e9 est souvent un gage de r\u00e9ussite. Le maintien des cadres ne sera que b\u00e9n\u00e9fique pour le club.<br \/><strong>Comment s\u2019est pass\u00e9e l\u2019int\u00e9gration des nouveaux joueurs ?<\/strong><br \/>Il n\u2019est plus question de nouveaux joueurs. On forme un seul groupe, solide et uni. Tout le monde a fait en sorte que les nouveaux se sentent comme chez eux d\u00e8s le premier jour. On leur a souhait\u00e9 la bienvenue et on s\u2019est mis \u00e0 travailler tous ensemble. Je pense que tout s\u2019est bien d\u00e9roul\u00e9. Tout le monde se sent bien \u00e0 l\u2019entrainement. Il y a une bonne ambiance, de la bonne humeur et surtout un \u00e9tat d\u2019esprit favorable au travail et au s\u00e9rieux. C\u2019est, \u00e0 mon avis, le plus important.<br \/><strong>Le Chabab a r\u00e9alis\u00e9 un mercato de qualit\u00e9. La concurrence bat son plein au sein de l\u2019effectif. N\u2019est-ce pas ?<\/strong><br \/>Oui, il y a beaucoup de concurrence au sein de notre effectif. Vous savez, ce genre de chose a toujours exist\u00e9 au Chabab de Belouizdad. Quand vous \u00e9voluez dans un club comme le CRB, il faut s\u2019attendre \u00e0 ce qu\u2019il y ait de la concurrence. Et puis, je pense que cela ne peut \u00eatre que b\u00e9n\u00e9fique pour les joueurs et pour le club. Surtout quand cette concurrence est saine et qu\u2019elle vise \u00e0 hisser les joueurs vers leur meilleur niveau. En tout cas, pour ma part, j\u2019aime \u00eatre en concurrence avec de grands joueurs. Et c\u2019est le cas, cette saison.<br \/><strong>En Coupe de la CAF, vous allez affronter l\u2019AS Coton Tchad. Comment se pr\u00e9sente pour vous cette premi\u00e8re rencontre officielle de la saison ?<\/strong><br \/>Sinc\u00e8rement, pour le moment, on n\u2019a pas trop d\u2019informations sur cette \u00e9quipe. Mais je suis s\u00fbr que les membres du staff technique, \u00e0 l\u2019approche de la rencontre, nous en parleront davantage. Tout ce que je peux dire c\u2019est qu\u2019on abordera cette rencontre avec beaucoup de respect pour l\u2019adversaire. On se donnera \u00e0 fond et on fera tout pour d\u00e9crocher un r\u00e9sultat positif qui nous assurera un match retour tranquille.<br \/><strong>Apr\u00e8s la Coupe d\u2019Alg\u00e9rie, la saison derni\u00e8re, quels sont vos objectifs cette saison ?<\/strong><br \/>On dispose d\u2019un effectif assez riche, compos\u00e9 de plusieurs joueurs de qualit\u00e9. Je pense que c\u2019est tout \u00e0 fait l\u00e9gitime de jouer \u00e0 fond toutes les comp\u00e9titions dans lesquelles on sera engag\u00e9s. En championnat, l\u2019id\u00e9e sera de jouer les premiers r\u00f4les et \u00e9ventuellement de finir sur le podium. En Coupe de la CAF, et apr\u00e8s le succ\u00e8s des Verts en Egypte, les joueurs ont pris confiance quant \u00e0 leur capacit\u00e9 \u00e0 aller chercher le troph\u00e9e. Je ne suis pas en train de dire qu\u2019on jouera pour le remporter, mais on fera tout pour aller le plus loin possible.<br \/><strong>Un dernier mot pour conclure ?<\/strong><br \/>Je tiens \u00e0 remercier les supporters qui nous encouragent quotidiennement et qui nous envoient des messages de soutien. Cela nous pousse \u00e0 redoubler d\u2019efforts pour \u00eatre \u00e0 la hauteur de leurs attentes. Je sais qu\u2019ils r\u00eavent de nous voir d\u00e9crocher d\u2019autres titres. Je leur promets qu\u2019on fera tout pour leur offrir des succ\u00e8s et pourquoi pas une nouvelle cons\u00e9cration.<br \/>\u00a0<\/p>\n<p><strong>Gaya Merbah<\/strong><\/p>\n<p><strong>Course contre la montre pour \u00eatre pr\u00eat face \u00e0 l\u2019AS Coton Tchad<\/strong><\/p>\n<p>Alors que les Belouizdadis avancent tr\u00e8s bien dans leur pr\u00e9paration et que la majorit\u00e9 des joueurs composant l\u2019effectif ont boucl\u00e9 les quatre semaines de travail, certaines nouvelles recrues, \u00e0 l\u2019image de Gaya Merbah, affichent un retard au niveau de la pr\u00e9paration physique. En effet, le nouveau portier du Chabab de Belouizdad n\u2019a rejoint les entrainements de son \u00e9quipe que ces derniers jours, lui qui a d\u00fb attendre des semaines et semaines pour voir sa situation se d\u00e9bloquer pour pouvoir rejoindre les rangs de La\u00e2quiba.<br \/><strong>Son manque de comp\u00e9tition inqui\u00e8te Amrani<\/strong><br \/>Si Benamer, l\u2019entraineur des gardiens de but du club, lui fait subir un programme sp\u00e9cifique pour l\u2019aider \u00e0 retrouver vite son meilleur niveau, Gaya Merbah semble avoir encore du chemin \u00e0 parcourir avant d\u2019atteindre sa meilleure forme, lui qui n\u2019a pratiquement plus rejou\u00e9 depuis le match retour en quarts de finale de la Coupe d\u2019Alg\u00e9rie suite \u00e0 un choc avec Soumana. Ce qui inqui\u00e8te \u00e9norm\u00e9ment Abdelkader Amrani, le premier responsable du staff technique du CRB, qui veut miser sur son nouveau portier d\u00e8s le premier match officiel face \u00e0 l\u2019AS Coton Sport pour le compte de la Coupe de la CAF, surtout que Khairi Barki se trouve dans la m\u00eame situation, lui qui a boycott\u00e9 les entrainements de son ancien club, le WAT, en d\u00e9cembre dernier, avant d\u2019\u00eatre \u00e9cart\u00e9 d\u00e9finitivement de l\u2019effectif.<br \/><strong>Ma\u00e2chou s\u00e9duit \u00e0 l\u2019entrainement<\/strong><br \/>Pendant que Gaya Merbah et Barki Khairi, respectivement premier et deuxi\u00e8me dans la hi\u00e9rarchie des gardiens de but, font leur possible pour retrouver leur meilleur niveau, le jeune Ma\u00e2chou qui a \u00e9t\u00e9 recrut\u00e9 cet \u00e9t\u00e9 de l\u2019USM Bel Abb\u00e8s affiche un niveau \u00e9poustouflant \u00e0 l\u2019entrainement. Au point de chambouler la hi\u00e9rarchie ? Pas s\u00fbr. Abdelkader Amrani ne prendra certainement pas le risque de faire jouer un gardien inexp\u00e9riment\u00e9 lors de l\u2019entr\u00e9e en lice du Chabab en Coupe de la CAF. Il pr\u00e9f\u00e8re attendre et voir l\u2019\u00e9volution de Gaya Merbah dont on attend \u00e9norm\u00e9ment \u00e0 Belouizdad.<br \/>\u00a0<\/p>\n<p><strong>EN olympique : Trois Belouizdadis retenus pour le prochain stage<\/strong><\/p>\n<p>L\u2019effectif du Chabab de Belouizdad est compos\u00e9 de plusieurs joueurs confirm\u00e9s tels que Sayoud, Bouchar, Gaya, Djerrar ou encore Nessakh, mais il est aussi compos\u00e9 de plusieurs jeunes talents, \u00e0 l\u2019image de Bousseliou, Bechou et Hais qui ont jou\u00e9 un r\u00f4le important dans le retour en force de l\u2019\u00e9quipe la saison derni\u00e8re et dans la Coupe d\u2019Alg\u00e9rie d\u00e9croch\u00e9e. Et ce n\u2019est pas un hasard qu\u2019ils font partie de l\u2019\u00e9quipe nationale olympique depuis plusieurs mois maintenant.<br \/><strong>Hais, Bechou et Bousseliou manqueront deux rencontres amicales<\/strong><br \/>Ludovic Batelli voit donc en ces trois Belouizdadis de potentiels joueurs de l\u2019Equipe nationale A. ce qui motive \u00e9norm\u00e9ment les jeunes joueurs du Chabab qui misent beaucoup sur les regroupements de l\u2019EN pour am\u00e9liorer leur niveau et surtout pour gagner en confiance. D\u2019ailleurs, ils seront en regroupement d\u00e8s demain lundi, et ce jusqu\u2019au 2 aout prochain du c\u00f4t\u00e9 de Sidi Moussa. Bechou, Bousseliou et Hais manqueront donc les deux rencontres amicales pr\u00e9vues face la JS Kabylie et l\u2019USM El Harrach. Ils seront de retour \u00e0 l\u2019entrainement moins d\u2019une semaine avant la r\u00e9ception de l\u2019AS Coton Tchad en Coupe de la CAF.<br \/>\u00a0<\/p>\n<p><strong>Publi\u00e9 dans :<\/strong> <span>CRB<\/span> <span>Boulekhoua<\/span> <span>Ma\u00e2chou<\/span><\/p>\n<\/div>\n<p>Auteur:<br \/>\n<a href=\"http:\/\/www.lebuteur.com\/article\/detail?titre=crb-boulekhoua-on-a-les-armes-pour-jouer-sur-les-quatre-fronts&#038;id=90698&#038;utm_source=feedburner&#038;utm_medium=feed&#038;utm_campaign=Feed%3A+GalerieFArtciles+%28Les+derniers+articles++-+lebuteur.com%29\">Cliquez ici pour lire l&rsquo;article depuis sa source.<\/a><\/p>\n","protected":false},"excerpt":{"rendered":"<p>Auteur : Islam Tazibt samedi 27 juillet 2019 14:37 Apr\u00e8s le stage de Tunisie, vous avez attaqu\u00e9 la derni\u00e8re ligne droite avant le retour de la comp\u00e9tition officielle. Comment vous pr\u00e9parez-vous ?On sort d\u2019un stage tr\u00e8s intense en Tunisie o\u00f9 nous avons \u00e9norm\u00e9ment travaill\u00e9 l\u2019aspect physique. Les membres du staff technique nous ont concoct\u00e9 un [&hellip;]<\/p>\n","protected":false},"author":1738,"featured_media":48847,"comment_status":"closed","ping_status":"closed","sticky":false,"template":"","format":"standard","meta":{"fifu_image_url":"","fifu_image_alt":"","footnotes":""},"categories":[53,75],"tags":[],"class_list":["post-48846","post","type-post","status-publish","format-standard","has-post-thumbnail","hentry","category-algerie","category-sport"],"_links":{"self":[{"href":"https:\/\/linitiative.ca\/International\/wp-json\/wp\/v2\/posts\/48846","targetHints":{"allow":["GET"]}}],"collection":[{"href":"https:\/\/linitiative.ca\/International\/wp-json\/wp\/v2\/posts"}],"about":[{"href":"https:\/\/linitiative.ca\/International\/wp-json\/wp\/v2\/types\/post"}],"author":[{"embeddable":true,"href":"https:\/\/linitiative.ca\/International\/wp-json\/wp\/v2\/users\/1738"}],"replies":[{"embeddable":true,"href":"https:\/\/linitiative.ca\/International\/wp-json\/wp\/v2\/comments?post=48846"}],"version-history":[{"count":0,"href":"https:\/\/linitiative.ca\/International\/wp-json\/wp\/v2\/posts\/48846\/revisions"}],"wp:featuredmedia":[{"embeddable":true,"href":"https:\/\/linitiative.ca\/International\/wp-json\/"}],"wp:attachment":[{"href":"https:\/\/linitiative.ca\/International\/wp-json\/wp\/v2\/media?parent=48846"}],"wp:term":[{"taxonomy":"category","embeddable":true,"href":"https:\/\/linitiative.ca\/International\/wp-json\/wp\/v2\/categories?post=48846"},{"taxonomy":"post_tag","embeddable":true,"href":"https:\/\/linitiative.ca\/International\/wp-json\/wp\/v2\/tags?post=48846"}],"curies":[{"name":"wp","href":"https:\/\/api.w.org\/{rel}","templated":true}]}}