{"id":48850,"date":"2019-07-27T15:14:26","date_gmt":"2019-07-27T19:14:26","guid":{"rendered":"https:\/\/linitiative.ca\/International\/ligue-1-2-mca-el-moudene-des-que-casoni-ma-demande-de-revenir-je-nai-pas-hesite-une-seule-seconde\/"},"modified":"2019-07-27T15:14:26","modified_gmt":"2019-07-27T19:14:26","slug":"ligue-1-2-mca-el-moudene-des-que-casoni-ma-demande-de-revenir-je-nai-pas-hesite-une-seule-seconde","status":"publish","type":"post","link":"https:\/\/linitiative.ca\/International\/ligue-1-2-mca-el-moudene-des-que-casoni-ma-demande-de-revenir-je-nai-pas-hesite-une-seule-seconde\/","title":{"rendered":"Ligue 1 &amp; 2 : MCA &#8211; El Moudene: \u00abD\u00e8s que Casoni m\u2019a demand\u00e9 de revenir, je n\u2019ai pas h\u00e9sit\u00e9 une seule seconde\u00bb"},"content":{"rendered":"<div readability=\"32\">\n<p>Auteur : <span>K. M.<\/span> <span class=\"time\">samedi 27 juillet 2019 14:37<\/span><\/p>\n<\/div>\n<div id=\"post_core\" readability=\"52\">\n<p>Rejoignant le groupe en terre polonaise en compagnie de Zidane Mebarakou, Abdellah El Moudene s\u2019est lui aussi exprim\u00e9 sur son retour au club et ses retrouvailles avec Bernard Casoni. \u00abJ\u2019\u00e9tais au MCO mais aucun dirigeant n\u2019a pris attache avec moi pour me proposer de rester. Il y a eu Casoni qui m\u2019a contact\u00e9 pour me proposer de revenir. J\u2019\u00e9tais tr\u00e8s content et je n\u2019ai pas h\u00e9sit\u00e9 une seule seconde \u00e0 venir car le Mouloudia est un tr\u00e8s grand club et chaque joueur r\u00eave de porter les couleurs d\u2019un club aussi prestigieux. Je suis content de retrouver la maison et mes anciens partenaires\u00bb, a-t-il lanc\u00e9. \u00a0<\/p>\n<p><strong>\u00abIl y a deux ans, on pratiquait le meilleur football mais sans gagner de titre, on t\u00e2chera cette fois d\u2019accrocher un troph\u00e9e\u00bb \u00a0<\/strong><br \/>R\u00e9alisant une grande saison au Mouloudia qui pratiquait \u00e0 cette \u00e9poque un football all\u00e9chant sous la coupe de Casoni, El Moudene ne veut surtout pas revivre le m\u00eame sc\u00e9nario en terminant l\u2019exercice sans le moindre titre. Un sc\u00e9nario qui lui est rest\u00e9 en travers de la gorge. \u00abIl y a deux saisons, on jouait le meilleur football dans le championnat. On produisait un football de haute facture mais au final, on n\u2019a rien gagn\u00e9. Cette fois-ci, inch\u2019Allah, on remportera un titre \u00e0 la fin du championnat\u00bb, dira en conclusion l\u2019ex-Paciste.\u00a0\u00a0<\/p>\n<p><strong>Publi\u00e9 dans :<\/strong> <span>mca<\/span> <span>Casoni<\/span> <span>El Moudene<\/span><\/p>\n<\/div>\n<p>Auteur:<br \/>\n<a href=\"http:\/\/www.lebuteur.com\/article\/detail?titre=mca-el-moudene-des-que-casoni-ma-demande-de-revenir-je-nai-pas-hesite-une-seule-seconde&#038;id=90696&#038;utm_source=feedburner&#038;utm_medium=feed&#038;utm_campaign=Feed%3A+GalerieFArtciles+%28Les+derniers+articles++-+lebuteur.com%29\">Cliquez ici pour lire l&rsquo;article depuis sa source.<\/a><\/p>\n","protected":false},"excerpt":{"rendered":"<p>Auteur : K. M. samedi 27 juillet 2019 14:37 Rejoignant le groupe en terre polonaise en compagnie de Zidane Mebarakou, Abdellah El Moudene s\u2019est lui aussi exprim\u00e9 sur son retour au club et ses retrouvailles avec Bernard Casoni. \u00abJ\u2019\u00e9tais au MCO mais aucun dirigeant n\u2019a pris attache avec moi pour me proposer de rester. Il [&hellip;]<\/p>\n","protected":false},"author":1738,"featured_media":48851,"comment_status":"closed","ping_status":"closed","sticky":false,"template":"","format":"standard","meta":{"fifu_image_url":"","fifu_image_alt":"","footnotes":""},"categories":[53,75],"tags":[],"class_list":["post-48850","post","type-post","status-publish","format-standard","has-post-thumbnail","hentry","category-algerie","category-sport"],"_links":{"self":[{"href":"https:\/\/linitiative.ca\/International\/wp-json\/wp\/v2\/posts\/48850","targetHints":{"allow":["GET"]}}],"collection":[{"href":"https:\/\/linitiative.ca\/International\/wp-json\/wp\/v2\/posts"}],"about":[{"href":"https:\/\/linitiative.ca\/International\/wp-json\/wp\/v2\/types\/post"}],"author":[{"embeddable":true,"href":"https:\/\/linitiative.ca\/International\/wp-json\/wp\/v2\/users\/1738"}],"replies":[{"embeddable":true,"href":"https:\/\/linitiative.ca\/International\/wp-json\/wp\/v2\/comments?post=48850"}],"version-history":[{"count":0,"href":"https:\/\/linitiative.ca\/International\/wp-json\/wp\/v2\/posts\/48850\/revisions"}],"wp:featuredmedia":[{"embeddable":true,"href":"https:\/\/linitiative.ca\/International\/wp-json\/"}],"wp:attachment":[{"href":"https:\/\/linitiative.ca\/International\/wp-json\/wp\/v2\/media?parent=48850"}],"wp:term":[{"taxonomy":"category","embeddable":true,"href":"https:\/\/linitiative.ca\/International\/wp-json\/wp\/v2\/categories?post=48850"},{"taxonomy":"post_tag","embeddable":true,"href":"https:\/\/linitiative.ca\/International\/wp-json\/wp\/v2\/tags?post=48850"}],"curies":[{"name":"wp","href":"https:\/\/api.w.org\/{rel}","templated":true}]}}