{"id":48852,"date":"2019-07-27T15:14:27","date_gmt":"2019-07-27T19:14:27","guid":{"rendered":"https:\/\/linitiative.ca\/International\/ligue-1-2-mca-chafai-apres-le-depart-de-ghrib-javais-failli-signer-au-crb-avant-de-me-raviser-grace-a-mekhazni\/"},"modified":"2019-07-27T15:14:27","modified_gmt":"2019-07-27T19:14:27","slug":"ligue-1-2-mca-chafai-apres-le-depart-de-ghrib-javais-failli-signer-au-crb-avant-de-me-raviser-grace-a-mekhazni","status":"publish","type":"post","link":"https:\/\/linitiative.ca\/International\/ligue-1-2-mca-chafai-apres-le-depart-de-ghrib-javais-failli-signer-au-crb-avant-de-me-raviser-grace-a-mekhazni\/","title":{"rendered":"Ligue 1 &amp; 2 : MCA &#8211; Chafa\u00ef: \u00abApr\u00e8s le d\u00e9part de Ghrib j\u2019avais failli signer au CRB avant de me raviser gr\u00e2ce \u00e0 Mekhazni\u00bb"},"content":{"rendered":"<div readability=\"32\">\n<p>Auteur : <span>K. M.<\/span> <span class=\"time\">samedi 27 juillet 2019 14:37<\/span><\/p>\n<\/div>\n<div id=\"post_core\" readability=\"57\">\n<p>Int\u00e9grant sa nouvelle \u00e9quipe en Pologne, Farouk Chafa\u00ef ne cache pas son d\u00e9sir de retrouver sa forme sous la coupe de Thomas. L\u2019ex-Usmiste revient sur son \u00e9pisode avec le Chabab tout en affichant au passage son respect pour Allik. \u00a0<\/p>\n<p><strong>Depuis le mois de Ramadan on a \u00e9voqu\u00e9 avec force votre retour au Mouloudia. Que s\u2019est-il pass\u00e9 au juste alors que vous aviez des contacts avec les pays du Golfe ?<\/strong><br \/>C\u2019est vrai que ces derniers temps, on a beaucoup parl\u00e9 de mon transfert. Les sp\u00e9culations allaient bon train. Et je ne vous cache pas que la d\u00e9cision \u00e9tait tr\u00e8s difficile \u00e0 prendre. Je me suis heurt\u00e9 \u00e0 des difficult\u00e9s surtout que j\u2019\u00e9tais proche des pays du Golfe avant de me raviser. J\u2019avais donn\u00e9 ma parole aux dirigeants du Mouloudia que je serai avec eux dans le cas o\u00f9 je ne parvenais pas \u00e0 mat\u00e9rialiser mon transfert dans un club arabe. Et voil\u00e0, j\u2019ai tenu ma promesse en revenant chez moi dans mon club formateur.\u00a0 \u00a0<br \/><strong>Comment \u00e7a a \u00e9t\u00e9, l\u2019accueil et les retrouvailles avec des anciennes connaissances ?<\/strong><br \/>Hamdoullah, j\u2019ai \u00e9t\u00e9 tr\u00e8s bien accueilli que ce soit par les dirigeants, staff technique ou les joueurs. \u00c0 Alger, les supporters du Mouloudia \u00e9taient contents de mon retour au bercail.<br \/><strong>Comment trouvez-vous cet endroit et les lieux d\u2019entra\u00eenements?<\/strong><br \/>Il n\u2019y a rien \u00e0 dire. On a tous les moyens pour faire de l\u2019excellent boulot. \u00c0 moi donc de bosser pour refaire mon retard.\u00a0 \u00a0<br \/><strong>Il y a eu un quiproquo avec l\u2019annonce de votre transfert au Chabab de Belouizdad surtout que vous avez de tr\u00e8s bon rapport avec Sa\u00efd Allik. Pouvons-nous avoir plus d\u2019explication ?<\/strong><br \/>Je consid\u00e8re Sa\u00efd Allik comme mon p\u00e8re. J\u2019ai \u00e9norm\u00e9ment de respect pour ce grand monsieur qui apporte beaucoup au football alg\u00e9rien. C\u2019est vrai que je lui ai donn\u00e9 ma parole. Il faut savoir qu\u2019il y a eu quelques soucis au moment du d\u00e9part de Ghrib. \u00c0 ce moment-l\u00e0, les discussions \u00e9taient tr\u00e8s avanc\u00e9es avec le Chabab de Belouizdad. J\u2019\u00e9tais \u00e0 deux doigts de signer avant de me raviser.<br \/>Mekhazni a eu certainement un grand r\u00f4le dans ce changement de cap ?<br \/>Je ne vous cache pas qu\u2019il a jou\u00e9 un tr\u00e8s grand r\u00f4le. Mekhazni a \u00e9t\u00e9 parmi les raisons qui m\u2019ont incit\u00e9 \u00e0 rejoindre les rangs du Mouloudia.<\/p>\n<p><strong>Vous avez rejoint le groupe en Pologne avec un gros d\u00e9ficit sur le plan physique. Est-ce que cette situation vous inqui\u00e8te ?<\/strong><br \/>Il est vrai que c\u2019est un souci car cela fait environ quatre mois que je n\u2019ai plus jou\u00e9. Je manque de comp\u00e9tition et de rythme dans les jambes. Mais croyez-moi, je vais faire le n\u00e9cessaire afin de combler mon retard. Je suis venu ici en Pologne pour bosser tr\u00e8s dur. J\u2019ai trouv\u00e9 une ambiance familiale. Je vais travailler avec le pr\u00e9parateur physique, Thomas, pour retrouver ma forme dans les plus brefs d\u00e9lais.\u00a0\u00a0\u00a0 \u00a0<\/p>\n<p><strong>Publi\u00e9 dans :<\/strong> <span>mca<\/span> <span>CRB<\/span> <span>Ghrib<\/span> <span>Mekhazni<\/span> <span>Chafa\u00ef<\/span><\/p>\n<\/div>\n<p>Auteur:<br \/>\n<a href=\"http:\/\/www.lebuteur.com\/article\/detail?titre=mca-chafai-apres-le-depart-de-ghrib-javais-failli-signer-au-crb-avant-de-me-raviser-grace-a-mekhazni&#038;id=90695&#038;utm_source=feedburner&#038;utm_medium=feed&#038;utm_campaign=Feed%3A+GalerieFArtciles+%28Les+derniers+articles++-+lebuteur.com%29\">Cliquez ici pour lire l&rsquo;article depuis sa source.<\/a><\/p>\n","protected":false},"excerpt":{"rendered":"<p>Auteur : K. M. samedi 27 juillet 2019 14:37 Int\u00e9grant sa nouvelle \u00e9quipe en Pologne, Farouk Chafa\u00ef ne cache pas son d\u00e9sir de retrouver sa forme sous la coupe de Thomas. L\u2019ex-Usmiste revient sur son \u00e9pisode avec le Chabab tout en affichant au passage son respect pour Allik. \u00a0 Depuis le mois de Ramadan on [&hellip;]<\/p>\n","protected":false},"author":1738,"featured_media":48853,"comment_status":"closed","ping_status":"closed","sticky":false,"template":"","format":"standard","meta":{"fifu_image_url":"","fifu_image_alt":"","footnotes":""},"categories":[53,75],"tags":[],"class_list":["post-48852","post","type-post","status-publish","format-standard","has-post-thumbnail","hentry","category-algerie","category-sport"],"_links":{"self":[{"href":"https:\/\/linitiative.ca\/International\/wp-json\/wp\/v2\/posts\/48852","targetHints":{"allow":["GET"]}}],"collection":[{"href":"https:\/\/linitiative.ca\/International\/wp-json\/wp\/v2\/posts"}],"about":[{"href":"https:\/\/linitiative.ca\/International\/wp-json\/wp\/v2\/types\/post"}],"author":[{"embeddable":true,"href":"https:\/\/linitiative.ca\/International\/wp-json\/wp\/v2\/users\/1738"}],"replies":[{"embeddable":true,"href":"https:\/\/linitiative.ca\/International\/wp-json\/wp\/v2\/comments?post=48852"}],"version-history":[{"count":0,"href":"https:\/\/linitiative.ca\/International\/wp-json\/wp\/v2\/posts\/48852\/revisions"}],"wp:featuredmedia":[{"embeddable":true,"href":"https:\/\/linitiative.ca\/International\/wp-json\/"}],"wp:attachment":[{"href":"https:\/\/linitiative.ca\/International\/wp-json\/wp\/v2\/media?parent=48852"}],"wp:term":[{"taxonomy":"category","embeddable":true,"href":"https:\/\/linitiative.ca\/International\/wp-json\/wp\/v2\/categories?post=48852"},{"taxonomy":"post_tag","embeddable":true,"href":"https:\/\/linitiative.ca\/International\/wp-json\/wp\/v2\/tags?post=48852"}],"curies":[{"name":"wp","href":"https:\/\/api.w.org\/{rel}","templated":true}]}}