{"id":48854,"date":"2019-07-27T15:14:29","date_gmt":"2019-07-27T19:14:29","guid":{"rendered":"https:\/\/linitiative.ca\/International\/ligue-1-2-jsk-banouh-el-merreikh-est-un-gros-morceau-mais-la-jsk-ne-sortira-pas-au-1er-tour\/"},"modified":"2019-07-27T15:14:29","modified_gmt":"2019-07-27T19:14:29","slug":"ligue-1-2-jsk-banouh-el-merreikh-est-un-gros-morceau-mais-la-jsk-ne-sortira-pas-au-1er-tour","status":"publish","type":"post","link":"https:\/\/linitiative.ca\/International\/ligue-1-2-jsk-banouh-el-merreikh-est-un-gros-morceau-mais-la-jsk-ne-sortira-pas-au-1er-tour\/","title":{"rendered":"Ligue 1 &amp; 2 : JSK &#8211; Banouh: \u00abEl Merreikh est un gros morceau, mais la JSK ne sortira pas au 1er tour\u00bb"},"content":{"rendered":"<div readability=\"32\">\n<p>Auteur : <span>S.Dj.<\/span> <span class=\"time\">samedi 27 juillet 2019 14:37<\/span><\/p>\n<\/div>\n<div id=\"post_core\" readability=\"67\">\n<p><strong>D\u2019abord, un mot sur la fin de la pr\u00e9paration d\u2019Evian\u2026<\/strong><br \/>On va dire que tout s\u2019est bien d\u00e9roul\u00e9 pour nous qui avons vraiment cravach\u00e9 tr\u00e8s dur, avec \u00e0 la cl\u00e9 une grande am\u00e9lioration de l\u2019aspect physique et technique. Il faut savoir que le rythme \u00e9tait tr\u00e8s \u00e9lev\u00e9 lors des travaux dict\u00e9s par le staff technique, sans oublier les matchs amicaux que nous avons jou\u00e9s et qui nous ont permis de travailler et de rectifier certains aspects techniques. Sinon, il nous reste encore quelques jours avant le d\u00e9but de la comp\u00e9tition, qu\u2019on va mettre \u00e0 profit pour terminer le programme de pr\u00e9paration estivale.<br \/><strong>Le d\u00e9but de la comp\u00e9tition officielle, ce sera face \u00e0 El Merreikh et la C1, comment voyez-vous ce match ?<\/strong><br \/>Ce sera un match tr\u00e8s difficile du moment que c\u2019est le premier de la saison, en plus il s\u2019agira de comp\u00e9tition continentale face \u00e0 un redoutable adversaire qui est El Merreikh du Soudan. Les Soudanais ont de l\u2019exp\u00e9rience, ils ont battu l\u2019USMA et le MCA la saison pass\u00e9e en coupe Arabe, cela veut dire qu\u2019ils ne sont pas faciles \u00e0 jouer, mais cela ne veut pas dire qu\u2019on a peur d\u2019eux. Bien au contraire, je dis que pas question que la JSK se fasse \u00e9liminer d\u00e8s le premier tour, mais dans ce genre de match il faut s\u2019attendre \u00e0 tout. Inch\u2019Allah on sera au rendez-vous avec les supporters, et surtout notre attaque ce jour-l\u00e0.<br \/><strong>Et sur le plan physique, comment vous sentez-vous ?<\/strong><br \/>Sur le plan physique, on se sent tr\u00e8s bien, je veux dire par l\u00e0 qu\u2019on a eu des probl\u00e8mes au d\u00e9but de la pr\u00e9paration, mais au fur et \u00e0 mesure que le programme avan\u00e7ait, le groupe s\u2019est nettement am\u00e9lior\u00e9 et est devenu plus costaud en condition physique. Je vous annonce qu\u2019on a \u00e9t\u00e9 soumis \u00e0 des travaux de forcen\u00e9s (rires), mais cela ne nous a pas emp\u00each\u00e9s de rester concentr\u00e9s et lucides tout au long du stage.<br \/><strong>Et qu\u2019en est-il de vous les attaquants ?<\/strong><br \/>Nous les attaquants, on essaye de se donner \u00e0 fond et de secouer les filets adverses. Cet aspect a \u00e9t\u00e9 travaill\u00e9 match apr\u00e8s match, je peux vous dire que le coach Velud ne laisse rien au hasard. Et au fur et \u00e0 mesure que les matchs amicaux s\u2019encha\u00eenaient, nous avons trouv\u00e9 nos marques, la preuve on a d\u00e9roul\u00e9 vers la fin du stage de France lors des matchs amicaux, cela veut dire que l\u2019avenir ne peut \u00eatre que meilleur.<br \/><strong>En tout cas, les supporters attendent beaucoup de vous, que leur diriez-vous ?<\/strong><br \/>Je leur dis de nous soutenir \u00e0 fond durant la saison sportive, et ne rien l\u00e2cher car il y aura certainement des rencontres tr\u00e8s difficiles, o\u00f9 on aura besoin d\u2019eux pour aller chercher les victoires, \u00e0 commencer par le match du tour pr\u00e9liminaire de Ligue des champions face \u00e0 El Merreikh du Soudan.<\/p>\n<p><strong>Publi\u00e9 dans :<\/strong> <span>JSK<\/span> <span>Banouh<\/span> <span>El Merreikh<\/span><\/p>\n<\/div>\n<p>Auteur:<br \/>\n<a href=\"http:\/\/www.lebuteur.com\/article\/detail?titre=jsk-banouh-el-merreikh-est-un-gros-morceau-mais-la-jsk-ne-sortira-pas-au-1er-tour&#038;id=90694&#038;utm_source=feedburner&#038;utm_medium=feed&#038;utm_campaign=Feed%3A+GalerieFArtciles+%28Les+derniers+articles++-+lebuteur.com%29\">Cliquez ici pour lire l&rsquo;article depuis sa source.<\/a><\/p>\n","protected":false},"excerpt":{"rendered":"<p>Auteur : S.Dj. samedi 27 juillet 2019 14:37 D\u2019abord, un mot sur la fin de la pr\u00e9paration d\u2019Evian\u2026On va dire que tout s\u2019est bien d\u00e9roul\u00e9 pour nous qui avons vraiment cravach\u00e9 tr\u00e8s dur, avec \u00e0 la cl\u00e9 une grande am\u00e9lioration de l\u2019aspect physique et technique. Il faut savoir que le rythme \u00e9tait tr\u00e8s \u00e9lev\u00e9 lors [&hellip;]<\/p>\n","protected":false},"author":1738,"featured_media":48855,"comment_status":"closed","ping_status":"closed","sticky":false,"template":"","format":"standard","meta":{"fifu_image_url":"","fifu_image_alt":"","footnotes":""},"categories":[53,75],"tags":[],"class_list":["post-48854","post","type-post","status-publish","format-standard","has-post-thumbnail","hentry","category-algerie","category-sport"],"_links":{"self":[{"href":"https:\/\/linitiative.ca\/International\/wp-json\/wp\/v2\/posts\/48854","targetHints":{"allow":["GET"]}}],"collection":[{"href":"https:\/\/linitiative.ca\/International\/wp-json\/wp\/v2\/posts"}],"about":[{"href":"https:\/\/linitiative.ca\/International\/wp-json\/wp\/v2\/types\/post"}],"author":[{"embeddable":true,"href":"https:\/\/linitiative.ca\/International\/wp-json\/wp\/v2\/users\/1738"}],"replies":[{"embeddable":true,"href":"https:\/\/linitiative.ca\/International\/wp-json\/wp\/v2\/comments?post=48854"}],"version-history":[{"count":0,"href":"https:\/\/linitiative.ca\/International\/wp-json\/wp\/v2\/posts\/48854\/revisions"}],"wp:featuredmedia":[{"embeddable":true,"href":"https:\/\/linitiative.ca\/International\/wp-json\/"}],"wp:attachment":[{"href":"https:\/\/linitiative.ca\/International\/wp-json\/wp\/v2\/media?parent=48854"}],"wp:term":[{"taxonomy":"category","embeddable":true,"href":"https:\/\/linitiative.ca\/International\/wp-json\/wp\/v2\/categories?post=48854"},{"taxonomy":"post_tag","embeddable":true,"href":"https:\/\/linitiative.ca\/International\/wp-json\/wp\/v2\/tags?post=48854"}],"curies":[{"name":"wp","href":"https:\/\/api.w.org\/{rel}","templated":true}]}}