{"id":48862,"date":"2019-07-26T20:00:00","date_gmt":"2019-07-27T00:00:00","guid":{"rendered":"https:\/\/linitiative.ca\/International\/gendarmerie-nationale-m-gaid-salah-installe-le-nouveau-commandant\/"},"modified":"2019-07-26T20:00:00","modified_gmt":"2019-07-27T00:00:00","slug":"gendarmerie-nationale-m-gaid-salah-installe-le-nouveau-commandant","status":"publish","type":"post","link":"https:\/\/linitiative.ca\/International\/gendarmerie-nationale-m-gaid-salah-installe-le-nouveau-commandant\/","title":{"rendered":"Gendarmerie nationale : M. Ga\u00efd Salah installe le nouveau Commandant"},"content":{"rendered":"<p><strong>Le g\u00e9n\u00e9ral de corps d\u2019Arm\u00e9e, Ahmed Ga\u00efd Salah, Vice-ministre de la D\u00e9fense nationale, chef d\u2019\u00c9tat-major de l\u2019Arm\u00e9e nationale populaire, a proc\u00e9d\u00e9, jeudi, \u00e0 l\u2019installation du g\u00e9n\u00e9ral Abderrahmane Araar dans ses nouvelles fonctions de Commandant de la Gendarmerie nationale en succession du g\u00e9n\u00e9ral Ghali Belkcir, indique un communiqu\u00e9 du minist\u00e8re de la D\u00e9fense nationale (MDN).<\/strong><\/p>\n<p>\u00abConform\u00e9ment au d\u00e9cret pr\u00e9sidentiel du 24 juillet 2019, le g\u00e9n\u00e9ral de corps d\u2019Arm\u00e9e, Ahmed Ga\u00efd Salah, vice-ministre de la D\u00e9fense nationale, chef d\u2019Etat-major de l\u2019ANP a pr\u00e9sid\u00e9, aujourd\u2019hui 25 juillet 2019, la c\u00e9r\u00e9monie de passation de pouvoirs et l\u2019installation du g\u00e9n\u00e9ral Abderrahmane Araar dans les fonctions de Commandant de la Gendarmerie nationale en succession du g\u00e9n\u00e9ral Ghali Belkcir\u00bb, pr\u00e9cise le communiqu\u00e9. Le g\u00e9n\u00e9ral de corps d\u2019Arm\u00e9e \u00aba entam\u00e9 la c\u00e9r\u00e9monie en passant en revue les carr\u00e9s de formations de la Gendarmerie nationale align\u00e9s au niveau de la place d\u2019armes pour proc\u00e9der, par la suite, \u00e0 l\u2019installation officielle du nouveau commandant de la Gendarmerie nationale\u00bb, ajoute la m\u00eame source. \u00abConform\u00e9ment au d\u00e9cret pr\u00e9sidentiel du 24 juillet 2019, j\u2019installe officiellement le g\u00e9n\u00e9ral Abderrahmane Araar dans les fonctions de Commandant de la Gendarmerie nationale, en succession au g\u00e9n\u00e9ral Ghali Belkcir\u00bb, a d\u00e9clar\u00e9 le chef d\u2019Etat-major de l\u2019ANP. Le g\u00e9n\u00e9ral de corps d\u2019Arm\u00e9e a, par la suite, \u00abremis l\u2019embl\u00e8me national au nouveau Commandant de la Gendarmerie nationale\u00bb. Apr\u00e8s avoir pr\u00e9sid\u00e9 la c\u00e9r\u00e9monie de passation de pouvoirs, il a tenu une rencontre avec le commandement et les cadres de la Gendarmerie nationale, o\u00f9 il a prononc\u00e9 une allocution \u00e0 travers laquelle il a mis l\u2019accent sur \u00abl\u2019importance que conf\u00e8re le Haut Commandement de l\u2019Arm\u00e9e nationale populaire au corps de la Gendarmerie nationale \u00e9tant l\u2019une des composantes intrins\u00e8ques de l\u2019ANP et ce, conform\u00e9ment aux missions vitales assign\u00e9es \u00e0 ce corps important qui constitue un trait d\u2019union et un outil de contact avec le peuple\u00bb, note le communiqu\u00e9. \u00abLe Haut Commandement de l\u2019ANP accorde une importance particuli\u00e8re au corps de la Gendarmerie nationale, une importance dont les points essentiels s\u2019articulent sur la mise \u00e0 disposition de tous les facteurs lui permettant de r\u00e9aliser un d\u00e9veloppement permanent et une parfaite harmonie avec la sensibilit\u00e9 et la sp\u00e9cificit\u00e9 de ses missions, ce qui concorde avec notre forte volont\u00e9 \u00e0 faire de ce corps important l\u2019un des principaux piliers de la s\u00e9curit\u00e9 et de la stabilit\u00e9 dans notre pays et ce, conform\u00e9ment avec la vision perspicace du Haut Commandement qui veille \u00e0 ce que le corps de la Gendarmerie nationale soit un trait d\u2019union avec le peuple, notamment dans les zones rurales et suburbaines o\u00f9 les \u00e9l\u00e9ments de la Gendarmerie nationale sont en contact direct et quotidien avec leurs concitoyens, car ils sont, en m\u00eame temps, des \u00e9l\u00e9ments de s\u00e9curit\u00e9 incontournables et des outils efficaces d\u2019extr\u00eame n\u00e9cessit\u00e9 au service de la patrie, dans le respect des lois de la R\u00e9publique, notamment \u00e0 l\u2019ombre de la situation sensible que traverse notre pays\u00bb, a soulign\u00e9 le chef d\u2019Etat-major de l\u2019ANP. \u00abA ce titre et dans le contexte de cette \u00e9tape sensible et partant de la lourde responsabilit\u00e9 qu\u2019assume l\u2019ANP devant Allah, l\u2019histoire et le peuple, et au vu de l\u2019importance accrue des missions vitales assign\u00e9es \u00e0 la Gendarmerie nationale, j\u2019appelle l\u2019ensemble encore une fois \u00e0 se conformer au strict respect de la responsabilit\u00e9 dans l\u2019accomplissement des missions assign\u00e9es et \u00e0 pr\u00e9server votre r\u00e9putation et l\u2019image honorable de votre Arm\u00e9e et de votre Patrie.\u00a0 Je vous exhorte \u00e0 faire preuve d\u2019une discipline et d\u2019une conduite exemplaires et \u00e0 fournir davantage d\u2019efforts d\u00e9vou\u00e9s, pers\u00e9v\u00e9rants, professionnels, de sacrifice et d\u2019abn\u00e9gation, et ce, pour honorer votre m\u00e9tier et servir votre pays\u00bb, a-t-il poursuivi. \u00abSoyez \u00e0 la hauteur de cette confiance et de cette lourde responsabilit\u00e9 dont vous serez comptables, et soyez tous d\u00e9vou\u00e9s \u00e0 votre arm\u00e9e et \u00e0 votre patrie et au serment que vous avez pr\u00eat\u00e9 devant Allah en premier et dernier lieux puis devant votre patrie et votre peuple\u00bb, a affirm\u00e9 le vice-ministre de la D\u00e9fense nationale. Par la suite, la parole a \u00e9t\u00e9 donn\u00e9e aux cadres et personnels de la Gendarmerie nationale qui \u00abont r\u00e9affirm\u00e9 leur immuable engagement pour accomplir leurs missions au service de leur patrie et leurs concitoyens\u00bb, conclut le communiqu\u00e9.<br \/>\u00a0<\/p>\n<p>Auteur: elmoudjahid<br \/>\n<a href=\"http:\/\/www.elmoudjahid.com\/fr\/actualites\/139817\">Cliquez ici pour lire l&rsquo;article depuis sa source.<\/a><\/p>\n","protected":false},"excerpt":{"rendered":"<p>Le g\u00e9n\u00e9ral de corps d\u2019Arm\u00e9e, Ahmed Ga\u00efd Salah, Vice-ministre de la D\u00e9fense nationale, chef d\u2019\u00c9tat-major de l\u2019Arm\u00e9e nationale populaire, a proc\u00e9d\u00e9, jeudi, \u00e0 l\u2019installation du g\u00e9n\u00e9ral Abderrahmane Araar dans ses nouvelles fonctions de Commandant de la Gendarmerie nationale en succession du g\u00e9n\u00e9ral Ghali Belkcir, indique un communiqu\u00e9 du minist\u00e8re de la D\u00e9fense nationale (MDN). \u00abConform\u00e9ment [&hellip;]<\/p>\n","protected":false},"author":1744,"featured_media":0,"comment_status":"closed","ping_status":"closed","sticky":false,"template":"","format":"standard","meta":{"fifu_image_url":"","fifu_image_alt":"","footnotes":""},"categories":[73,53],"tags":[],"class_list":["post-48862","post","type-post","status-publish","format-standard","hentry","category-actualite","category-algerie"],"_links":{"self":[{"href":"https:\/\/linitiative.ca\/International\/wp-json\/wp\/v2\/posts\/48862","targetHints":{"allow":["GET"]}}],"collection":[{"href":"https:\/\/linitiative.ca\/International\/wp-json\/wp\/v2\/posts"}],"about":[{"href":"https:\/\/linitiative.ca\/International\/wp-json\/wp\/v2\/types\/post"}],"author":[{"embeddable":true,"href":"https:\/\/linitiative.ca\/International\/wp-json\/wp\/v2\/users\/1744"}],"replies":[{"embeddable":true,"href":"https:\/\/linitiative.ca\/International\/wp-json\/wp\/v2\/comments?post=48862"}],"version-history":[{"count":0,"href":"https:\/\/linitiative.ca\/International\/wp-json\/wp\/v2\/posts\/48862\/revisions"}],"wp:attachment":[{"href":"https:\/\/linitiative.ca\/International\/wp-json\/wp\/v2\/media?parent=48862"}],"wp:term":[{"taxonomy":"category","embeddable":true,"href":"https:\/\/linitiative.ca\/International\/wp-json\/wp\/v2\/categories?post=48862"},{"taxonomy":"post_tag","embeddable":true,"href":"https:\/\/linitiative.ca\/International\/wp-json\/wp\/v2\/tags?post=48862"}],"curies":[{"name":"wp","href":"https:\/\/api.w.org\/{rel}","templated":true}]}}