{"id":48864,"date":"2019-07-26T20:00:00","date_gmt":"2019-07-27T00:00:00","guid":{"rendered":"https:\/\/linitiative.ca\/International\/algerie-guinee-equatoriale-cooperation-dans-le-domaine-de-lenergie\/"},"modified":"2019-07-26T20:00:00","modified_gmt":"2019-07-27T00:00:00","slug":"algerie-guinee-equatoriale-cooperation-dans-le-domaine-de-lenergie","status":"publish","type":"post","link":"https:\/\/linitiative.ca\/International\/algerie-guinee-equatoriale-cooperation-dans-le-domaine-de-lenergie\/","title":{"rendered":"Alg\u00e9rie &#8211; Guin\u00e9e \u00e9quatoriale : Coop\u00e9ration dans le domaine de l\u2019\u00e9nergie"},"content":{"rendered":"<p>Le ministre des Affaires \u00e9trang\u00e8res Sabri Boukadoum a re\u00e7u, jeudi au si\u00e8ge de son d\u00e9partement minist\u00e9riel, le secr\u00e9taire d\u2019Etat aux Mines et aux Hydrocarbures de la Guin\u00e9e Equatorial, et envoy\u00e9 sp\u00e9cial du Pr\u00e9sident de la Guin\u00e9e \u00e9quatoriale, Obiang Nguema Mbasogo, a indiqu\u00e9 un communiqu\u00e9 du minist\u00e8re. L\u2019\u00e9missaire \u00e9quato-guin\u00e9en a remis \u00e0 M. Boukadoum une invitation officielle adress\u00e9e au chef de l\u2019Etat, Abdelkader Bensaleh,par son homologue \u00e9quato-guin\u00e9en, pour prendre part au 5e sommet des chefs d\u2019Etat et de Gouvernement membres du Forum des pays exportateurs de gaz, pr\u00e9vu \u00e0 Malabo (Guin\u00e9e Equatoriale) le 29 novembre 2019. Ce forum regroupe douze pays membre ainsi que sept (7) pays observateurs. L\u2019Alg\u00e9rie est membre fondateur de ce forum.\u00a0 Le ministre de l\u2019Energie, Mohamed Arkab, a aussi re\u00e7u jeudi le secr\u00e9taire d\u2019Etat, Santiago Mba Eneme Nsuga. Les deux parties ont pass\u00e9 en revue l\u2019Etat des relations de coop\u00e9ration entre les deux pays et les perspectives de leur d\u00e9veloppement dans le domaine \u00e9nerg\u00e9tique notamment les hydrocarbures (p\u00e9trole et gaz), l\u2019\u00e9lectricit\u00e9 et la formation. Les deux parties se sont f\u00e9licit\u00e9s des bonnes relations de la coop\u00e9ration entre les deux pays au sein des organisations multilat\u00e9rales telles que le Forum des pays exportateurs de gaz (Gecf), l\u2019Organisation des pays exportateurs de p\u00e9trole (Opep), l\u2019organisation africaine des pays producteurs de p\u00e9trole (Appo).\u00a0 Le sommet du Forum des pays exportateurs de gaz a \u00e9t\u00e9 \u00e9voqu\u00e9 par les deux parties. M. Arkab a mis l\u2019accent sur le r\u00f4le actif de l\u2019Alg\u00e9rie dans le cadre de la mise en \u0153uvre des activit\u00e9s de l\u2019Institut de recherche du gaz, \u00e9tabli \u00e0 Alger. Pour sa part, Santiago Mba Eneme Nsuga a fait part de son souhait de b\u00e9n\u00e9ficier de l\u2019exp\u00e9rience de l\u2019Alg\u00e9rie et de sa capacit\u00e9 dans le domaine \u00e9nerg\u00e9tique, en exprimant l\u2019int\u00e9r\u00eat de son pays \u00e0 d\u00e9velopper des relations de coop\u00e9ration et de partenariat.<\/p>\n<p>Auteur: elmoudjahid<br \/>\n<a href=\"http:\/\/www.elmoudjahid.com\/fr\/actualites\/139819\">Cliquez ici pour lire l&rsquo;article depuis sa source.<\/a><\/p>\n","protected":false},"excerpt":{"rendered":"<p>Le ministre des Affaires \u00e9trang\u00e8res Sabri Boukadoum a re\u00e7u, jeudi au si\u00e8ge de son d\u00e9partement minist\u00e9riel, le secr\u00e9taire d\u2019Etat aux Mines et aux Hydrocarbures de la Guin\u00e9e Equatorial, et envoy\u00e9 sp\u00e9cial du Pr\u00e9sident de la Guin\u00e9e \u00e9quatoriale, Obiang Nguema Mbasogo, a indiqu\u00e9 un communiqu\u00e9 du minist\u00e8re. L\u2019\u00e9missaire \u00e9quato-guin\u00e9en a remis \u00e0 M. Boukadoum une invitation [&hellip;]<\/p>\n","protected":false},"author":1744,"featured_media":0,"comment_status":"closed","ping_status":"closed","sticky":false,"template":"","format":"standard","meta":{"fifu_image_url":"","fifu_image_alt":"","footnotes":""},"categories":[73,53],"tags":[],"class_list":["post-48864","post","type-post","status-publish","format-standard","hentry","category-actualite","category-algerie"],"_links":{"self":[{"href":"https:\/\/linitiative.ca\/International\/wp-json\/wp\/v2\/posts\/48864","targetHints":{"allow":["GET"]}}],"collection":[{"href":"https:\/\/linitiative.ca\/International\/wp-json\/wp\/v2\/posts"}],"about":[{"href":"https:\/\/linitiative.ca\/International\/wp-json\/wp\/v2\/types\/post"}],"author":[{"embeddable":true,"href":"https:\/\/linitiative.ca\/International\/wp-json\/wp\/v2\/users\/1744"}],"replies":[{"embeddable":true,"href":"https:\/\/linitiative.ca\/International\/wp-json\/wp\/v2\/comments?post=48864"}],"version-history":[{"count":0,"href":"https:\/\/linitiative.ca\/International\/wp-json\/wp\/v2\/posts\/48864\/revisions"}],"wp:attachment":[{"href":"https:\/\/linitiative.ca\/International\/wp-json\/wp\/v2\/media?parent=48864"}],"wp:term":[{"taxonomy":"category","embeddable":true,"href":"https:\/\/linitiative.ca\/International\/wp-json\/wp\/v2\/categories?post=48864"},{"taxonomy":"post_tag","embeddable":true,"href":"https:\/\/linitiative.ca\/International\/wp-json\/wp\/v2\/tags?post=48864"}],"curies":[{"name":"wp","href":"https:\/\/api.w.org\/{rel}","templated":true}]}}