{"id":48865,"date":"2019-07-26T20:00:00","date_gmt":"2019-07-27T00:00:00","guid":{"rendered":"https:\/\/linitiative.ca\/International\/m-boukadoum-recoit-le-nouvel-ambassadeur-du-pakistan\/"},"modified":"2019-07-26T20:00:00","modified_gmt":"2019-07-27T00:00:00","slug":"m-boukadoum-recoit-le-nouvel-ambassadeur-du-pakistan","status":"publish","type":"post","link":"https:\/\/linitiative.ca\/International\/m-boukadoum-recoit-le-nouvel-ambassadeur-du-pakistan\/","title":{"rendered":"M. Boukadoum re\u00e7oit  le nouvel ambassadeur  du Pakistan"},"content":{"rendered":"<p>Le ministre des Affaires \u00e9trang\u00e8res, Sabri Boukadoum, a re\u00e7u, jeudi \u00e0 Alger, M. Ata-Ul-Munim Shahid, qui lui a remis les copies figur\u00e9es de ses lettres de cr\u00e9ances l\u2019accr\u00e9ditant en qualit\u00e9 d\u2019ambassadeur extraordinaire et pl\u00e9nipotentiaire de la R\u00e9publique islamique du Pakistan en Alg\u00e9rie, indique un communiqu\u00e9 du minist\u00e8re des Affaires \u00e9trang\u00e8res.<\/p>\n<p>Auteur: elmoudjahid<br \/>\n<a href=\"http:\/\/www.elmoudjahid.com\/fr\/actualites\/139820\">Cliquez ici pour lire l&rsquo;article depuis sa source.<\/a><\/p>\n","protected":false},"excerpt":{"rendered":"<p>Le ministre des Affaires \u00e9trang\u00e8res, Sabri Boukadoum, a re\u00e7u, jeudi \u00e0 Alger, M. Ata-Ul-Munim Shahid, qui lui a remis les copies figur\u00e9es de ses lettres de cr\u00e9ances l\u2019accr\u00e9ditant en qualit\u00e9 d\u2019ambassadeur extraordinaire et pl\u00e9nipotentiaire de la R\u00e9publique islamique du Pakistan en Alg\u00e9rie, indique un communiqu\u00e9 du minist\u00e8re des Affaires \u00e9trang\u00e8res. Auteur: elmoudjahid Cliquez ici pour [&hellip;]<\/p>\n","protected":false},"author":1744,"featured_media":0,"comment_status":"closed","ping_status":"closed","sticky":false,"template":"","format":"standard","meta":{"fifu_image_url":"","fifu_image_alt":"","footnotes":""},"categories":[73,53],"tags":[],"class_list":["post-48865","post","type-post","status-publish","format-standard","hentry","category-actualite","category-algerie"],"_links":{"self":[{"href":"https:\/\/linitiative.ca\/International\/wp-json\/wp\/v2\/posts\/48865","targetHints":{"allow":["GET"]}}],"collection":[{"href":"https:\/\/linitiative.ca\/International\/wp-json\/wp\/v2\/posts"}],"about":[{"href":"https:\/\/linitiative.ca\/International\/wp-json\/wp\/v2\/types\/post"}],"author":[{"embeddable":true,"href":"https:\/\/linitiative.ca\/International\/wp-json\/wp\/v2\/users\/1744"}],"replies":[{"embeddable":true,"href":"https:\/\/linitiative.ca\/International\/wp-json\/wp\/v2\/comments?post=48865"}],"version-history":[{"count":0,"href":"https:\/\/linitiative.ca\/International\/wp-json\/wp\/v2\/posts\/48865\/revisions"}],"wp:attachment":[{"href":"https:\/\/linitiative.ca\/International\/wp-json\/wp\/v2\/media?parent=48865"}],"wp:term":[{"taxonomy":"category","embeddable":true,"href":"https:\/\/linitiative.ca\/International\/wp-json\/wp\/v2\/categories?post=48865"},{"taxonomy":"post_tag","embeddable":true,"href":"https:\/\/linitiative.ca\/International\/wp-json\/wp\/v2\/tags?post=48865"}],"curies":[{"name":"wp","href":"https:\/\/api.w.org\/{rel}","templated":true}]}}