{"id":48866,"date":"2019-07-26T20:00:00","date_gmt":"2019-07-27T00:00:00","guid":{"rendered":"https:\/\/linitiative.ca\/International\/agrement-a-la-nomination-du-nouvel-ambassadeur-du-kenya\/"},"modified":"2019-07-26T20:00:00","modified_gmt":"2019-07-27T00:00:00","slug":"agrement-a-la-nomination-du-nouvel-ambassadeur-du-kenya","status":"publish","type":"post","link":"https:\/\/linitiative.ca\/International\/agrement-a-la-nomination-du-nouvel-ambassadeur-du-kenya\/","title":{"rendered":"Agr\u00e9ment \u00e0 la nomination du nouvel ambassadeur du Kenya"},"content":{"rendered":"<div>Le Gouvernement a donn\u00e9 son agr\u00e9ment \u00e0 la nomination de M. Peter Katana Angore, en qualit\u00e9 d\u2019ambassadeur extraordinaire et pl\u00e9nipotentiaire de la R\u00e9publique du Kenya, indique le MAE.<img loading=\"lazy\" decoding=\"async\" src=\"http:\/\/feeds.feedburner.com\/~r\/ElmoudjahidArticles\/~4\/U0Ptrk-U6-M\" height=\"1\" width=\"1\" alt=\"\"><\/div>\n<p>Auteur: elmoudjahid<br \/>\n<a href=\"http:\/\/www.elmoudjahid.com\/fr\/actualites\/139821\">Cliquez ici pour lire l&rsquo;article depuis sa source.<\/a><\/p>\n","protected":false},"excerpt":{"rendered":"<p>Le Gouvernement a donn\u00e9 son agr\u00e9ment \u00e0 la nomination de M. Peter Katana Angore, en qualit\u00e9 d\u2019ambassadeur extraordinaire et pl\u00e9nipotentiaire de la R\u00e9publique du Kenya, indique le MAE. Auteur: elmoudjahid Cliquez ici pour lire l&rsquo;article depuis sa source.<\/p>\n","protected":false},"author":1744,"featured_media":0,"comment_status":"closed","ping_status":"closed","sticky":false,"template":"","format":"standard","meta":{"fifu_image_url":"","fifu_image_alt":"","footnotes":""},"categories":[73,53],"tags":[],"class_list":["post-48866","post","type-post","status-publish","format-standard","hentry","category-actualite","category-algerie"],"_links":{"self":[{"href":"https:\/\/linitiative.ca\/International\/wp-json\/wp\/v2\/posts\/48866","targetHints":{"allow":["GET"]}}],"collection":[{"href":"https:\/\/linitiative.ca\/International\/wp-json\/wp\/v2\/posts"}],"about":[{"href":"https:\/\/linitiative.ca\/International\/wp-json\/wp\/v2\/types\/post"}],"author":[{"embeddable":true,"href":"https:\/\/linitiative.ca\/International\/wp-json\/wp\/v2\/users\/1744"}],"replies":[{"embeddable":true,"href":"https:\/\/linitiative.ca\/International\/wp-json\/wp\/v2\/comments?post=48866"}],"version-history":[{"count":0,"href":"https:\/\/linitiative.ca\/International\/wp-json\/wp\/v2\/posts\/48866\/revisions"}],"wp:attachment":[{"href":"https:\/\/linitiative.ca\/International\/wp-json\/wp\/v2\/media?parent=48866"}],"wp:term":[{"taxonomy":"category","embeddable":true,"href":"https:\/\/linitiative.ca\/International\/wp-json\/wp\/v2\/categories?post=48866"},{"taxonomy":"post_tag","embeddable":true,"href":"https:\/\/linitiative.ca\/International\/wp-json\/wp\/v2\/tags?post=48866"}],"curies":[{"name":"wp","href":"https:\/\/api.w.org\/{rel}","templated":true}]}}